{"id":39343,"date":"2026-03-13T17:00:00","date_gmt":"2026-03-13T20:00:00","guid":{"rendered":"https:\/\/sds.unb.br\/?p=39343"},"modified":"2026-03-13T14:55:17","modified_gmt":"2026-03-13T17:55:17","slug":"guia-alimentar-para-a-populacao-brasileira-por-que-ele-e-essencial-para-os-profissionais-da-aps","status":"publish","type":"post","link":"https:\/\/sds.unb.br\/es\/guia-alimentar-para-a-populacao-brasileira-por-que-ele-e-essencial-para-os-profissionais-da-aps\/","title":{"rendered":"Guia Alimentar para a Popula\u00e7\u00e3o Brasileira: por que ele \u00e9 essencial para os profissionais da APS?"},"content":{"rendered":"<p>O Guia Alimentar para a Popula\u00e7\u00e3o Brasileira (GAPB) \u00e9 um documento oficial que traz um conjunto de informa\u00e7\u00f5es e recomenda\u00e7\u00f5es sobre alimenta\u00e7\u00e3o adequada e saud\u00e1vel, respeitando as diferen\u00e7as socioculturais e regionais existentes no pa\u00eds com o objetivo de promover a sa\u00fade. Apresenta uma linguagem clara e objetiva, direcionada a informar \u00e0 popula\u00e7\u00e3o brasileira em geral.&nbsp;<\/p>\n\n\n\n<p>O GAPB faz parte da Promo\u00e7\u00e3o da Alimenta\u00e7\u00e3o Adequada e Saud\u00e1vel, uma das diretrizes da Pol\u00edtica Nacional de Alimenta\u00e7\u00e3o e Nutri\u00e7\u00e3o (PNAN), que orienta um conjunto de estrat\u00e9gias que proporcionam aos indiv\u00edduos e \u00e0s coletividades a realiza\u00e7\u00e3o de pr\u00e1ticas alimentares apropriadas, de acordo com os aspectos biol\u00f3gicos, socioculturais e ambientais nos quais est\u00e3o inseridos.&nbsp;<\/p>\n\n\n\n<p>As recomenda\u00e7\u00f5es pautadas no GAPB abrangem a rela\u00e7\u00e3o entre alimenta\u00e7\u00e3o e sa\u00fade, as escolhas alimentares, como a prioriza\u00e7\u00e3o dos alimentos in natura e minimamente processados como base do consumo habitual, a combina\u00e7\u00e3o de alimentos nas refei\u00e7\u00f5es e as circunst\u00e2ncias que podem interferir na percep\u00e7\u00e3o do indiv\u00edduo sobre alimenta\u00e7\u00e3o. Discorre tamb\u00e9m sobre as poss\u00edveis a\u00e7\u00f5es que podem ser implementadas, caso haja dificuldades na realiza\u00e7\u00e3o das recomenda\u00e7\u00f5es propostas.<\/p>\n\n\n\n<p>Nesse sentido, o conhecimento acerca desse documento auxilia os diferentes profissionais da Aten\u00e7\u00e3o Prim\u00e1ria \u00e0 Sa\u00fade (APS) a sanar poss\u00edveis d\u00favidas dos pacientes sobre alimenta\u00e7\u00e3o, bem como demonstrar que alimenta\u00e7\u00e3o saud\u00e1vel \u00e9 um dos fatores de preven\u00e7\u00e3o e prote\u00e7\u00e3o \u00e0 sa\u00fade tanto do paciente como do grupo atendido. Isso se justifica pelo fato de que GAPB aborda conhecimentos pr\u00e1ticos acerca da alimenta\u00e7\u00e3o que podem ser utilizados no dia a dia das pessoas.&nbsp;<\/p>\n\n\n\n<p>As recomenda\u00e7\u00f5es presentes no Guia Alimentar est\u00e3o associadas \u00e0 melhora do estado nutricional dos indiv\u00edduos, bem como \u00e0 redu\u00e7\u00e3o da preval\u00eancia de doen\u00e7as cr\u00f4nicas, mas tamb\u00e9m respeita o car\u00e1cter sociocultural&nbsp; e regional dos indiv\u00edduos ou grupos, fomentando o cuidado regular, integral e permanente de preven\u00e7\u00e3o a agravos \u00e0 sa\u00fade, previsto na Aten\u00e7\u00e3o B\u00e1sica.&nbsp;<\/p>\n\n\n\n<p>BARBOSA, I. B.; TRAMONTT, C. R.; BARALDI, L. G.. Desafios para uso do Guia Alimentar na pr\u00e1tica profissional intersetorial em uma metr\u00f3pole no Brasil. Trabalho, Educa\u00e7\u00e3o e Sa\u00fade, v. 23, p. e02896289, 2025.<\/p>\n\n\n\n<p>BRASIL. <strong>Guia Alimentar para a Popula\u00e7\u00e3o Brasileira. <\/strong>Minist\u00e9rio da Sa\u00fade. 2 ed. 2014.<\/p>\n\n\n\n<p><\/p>","protected":false},"excerpt":{"rendered":"<p>O Guia Alimentar para a Popula\u00e7\u00e3o Brasileira (GAPB) \u00e9 um documento oficial que traz um conjunto de informa\u00e7\u00f5es e recomenda\u00e7\u00f5es sobre alimenta\u00e7\u00e3o adequada e saud\u00e1vel, respeitando as diferen\u00e7as socioculturais e regionais existentes no pa\u00eds com o objetivo de promover a sa\u00fade. Apresenta uma linguagem clara e objetiva, direcionada a informar \u00e0 popula\u00e7\u00e3o brasileira em geral.&nbsp; O GAPB faz parte da Promo\u00e7\u00e3o da Alimenta\u00e7\u00e3o Adequada e Saud\u00e1vel,&hellip;<\/p>\n<p> <a class=\"more-link\" href=\"https:\/\/sds.unb.br\/es\/guia-alimentar-para-a-populacao-brasileira-por-que-ele-e-essencial-para-os-profissionais-da-aps\/\">Leer m\u00e1s<\/a><\/p>","protected":false},"author":28,"featured_media":39345,"comment_status":"open","ping_status":"open","sticky":false,"template":"","format":"standard","meta":{"footnotes":""},"categories":[156],"tags":[468,62,462],"tnc_tax_1420":[],"class_list":{"0":"post-39343","1":"post","2":"type-post","3":"status-publish","4":"format-standard","5":"has-post-thumbnail","7":"category-noticias","8":"tag-alimentacao","9":"tag-noticias","10":"tag-nutricao"},"views":163,"_links":{"self":[{"href":"https:\/\/sds.unb.br\/es\/wp-json\/wp\/v2\/posts\/39343","targetHints":{"allow":["GET"]}}],"collection":[{"href":"https:\/\/sds.unb.br\/es\/wp-json\/wp\/v2\/posts"}],"about":[{"href":"https:\/\/sds.unb.br\/es\/wp-json\/wp\/v2\/types\/post"}],"author":[{"embeddable":true,"href":"https:\/\/sds.unb.br\/es\/wp-json\/wp\/v2\/users\/28"}],"replies":[{"embeddable":true,"href":"https:\/\/sds.unb.br\/es\/wp-json\/wp\/v2\/comments?post=39343"}],"version-history":[{"count":1,"href":"https:\/\/sds.unb.br\/es\/wp-json\/wp\/v2\/posts\/39343\/revisions"}],"predecessor-version":[{"id":39344,"href":"https:\/\/sds.unb.br\/es\/wp-json\/wp\/v2\/posts\/39343\/revisions\/39344"}],"wp:featuredmedia":[{"embeddable":true,"href":"https:\/\/sds.unb.br\/es\/wp-json\/wp\/v2\/media\/39345"}],"wp:attachment":[{"href":"https:\/\/sds.unb.br\/es\/wp-json\/wp\/v2\/media?parent=39343"}],"wp:term":[{"taxonomy":"category","embeddable":true,"href":"https:\/\/sds.unb.br\/es\/wp-json\/wp\/v2\/categories?post=39343"},{"taxonomy":"post_tag","embeddable":true,"href":"https:\/\/sds.unb.br\/es\/wp-json\/wp\/v2\/tags?post=39343"},{"taxonomy":"tnc_tax_1420","embeddable":true,"href":"https:\/\/sds.unb.br\/es\/wp-json\/wp\/v2\/tnc_tax_1420?post=39343"}],"curies":[{"name":"wp","href":"https:\/\/api.w.org\/{rel}","templated":true}]}}