{"id":39340,"date":"2026-03-10T16:04:29","date_gmt":"2026-03-10T19:04:29","guid":{"rendered":"https:\/\/sds.unb.br\/?p=39340"},"modified":"2026-03-10T16:04:30","modified_gmt":"2026-03-10T19:04:30","slug":"novo-tratamento-infantil-contra-malaria-e-ofertado-pelo-sus","status":"publish","type":"post","link":"https:\/\/sds.unb.br\/es\/novo-tratamento-infantil-contra-malaria-e-ofertado-pelo-sus\/","title":{"rendered":"Novo Tratamento Infantil contra Mal\u00e1ria \u00e9 ofertado pelo SUS"},"content":{"rendered":"<p>O Minist\u00e9rio da Sa\u00fade iniciou a implementa\u00e7\u00e3o de um novo tratamento contra a Mal\u00e1ria voltado para crian\u00e7as com menos de 16 anos atendidas pelo Sistema \u00danico de Sa\u00fade (SUS). A estrat\u00e9gia inclui o uso da tafenoquina na formula\u00e7\u00e3o pedi\u00e1trica de 50 mg, indicada para crian\u00e7as com peso entre 10 kg e 35 kg. At\u00e9 ent\u00e3o, o medicamento era disponibilizado apenas para jovens e adultos a partir dos 16 anos. A iniciativa busca ampliar a efic\u00e1cia do tratamento em um p\u00fablico que concentra aproximadamente metade dos casos da doen\u00e7a registrados no pa\u00eds.<\/p>\n\n\n\n<p>A distribui\u00e7\u00e3o do novo medicamento est\u00e1 sendo realizada de forma gradual, priorizando \u00e1reas com maior incid\u00eancia da doen\u00e7a na regi\u00e3o da Amaz\u00f4nia. O Brasil se tornou o primeiro pa\u00eds do mundo a disponibilizar essa vers\u00e3o pedi\u00e1trica do tratamento para a mal\u00e1ria. De acordo com o minist\u00e9rio, a nova formula\u00e7\u00e3o permite ajustar a dose de acordo com o peso da crian\u00e7a, o que contribui para aumentar a efic\u00e1cia do tratamento e interromper a cadeia de transmiss\u00e3o da doen\u00e7a.<\/p>\n\n\n\n<p>Para viabilizar a medida, o governo federal investiu cerca de R$ 970 mil na aquisi\u00e7\u00e3o do medicamento e j\u00e1 recebeu 64.800 doses. Os comprimidos ser\u00e3o direcionados principalmente para \u00e1reas com alta incid\u00eancia da doen\u00e7a, incluindo os Distritos Sanit\u00e1rios Especiais Ind\u00edgenas Yanomami, Alto Rio Negro, Rio Tapaj\u00f3s, Manaus, Vale do Javari e M\u00e9dio Rio Solim\u00f5es e Afluentes. Esses territ\u00f3rios concentram aproximadamente 50% dos registros de mal\u00e1ria entre crian\u00e7as e adolescentes de at\u00e9 15 anos.<\/p>\n\n\n\n<p>O primeiro local a receber o novo tratamento foi o territ\u00f3rio Yanomami, que recebeu inicialmente 14.550 comprimidos. A regi\u00e3o j\u00e1 havia sido a primeira do pa\u00eds a receber a vers\u00e3o de 150 mg da tafenoquina, destinada a pacientes acima de 16 anos, introduzida em 2024. Segundo o minist\u00e9rio, as a\u00e7\u00f5es de combate \u00e0 doen\u00e7a na regi\u00e3o tamb\u00e9m incluem refor\u00e7o no controle do mosquito transmissor, amplia\u00e7\u00e3o da testagem r\u00e1pida e busca ativa de casos.<\/p>\n\n\n\n<p>Dados recentes indicam avan\u00e7os no enfrentamento da doen\u00e7a. Entre 2023 e 2025, o territ\u00f3rio Yanomami registrou aumento significativo na realiza\u00e7\u00e3o de testes e no diagn\u00f3stico precoce, al\u00e9m de queda de 70% nas mortes por mal\u00e1ria. Em n\u00edvel nacional, o pa\u00eds contabilizou em 2025 o menor n\u00famero de casos desde 1979, com 120.659 registros. A regi\u00e3o amaz\u00f4nica ainda concentra cerca de 99% das ocorr\u00eancias, com mais de 117 mil casos registrados no \u00faltimo ano. O novo tratamento \u00e9 indicado para infec\u00e7\u00f5es causadas pelo parasita Plasmodium vivax em pacientes com mais de 10 kg que n\u00e3o estejam gr\u00e1vidas ou amamentando, e tem mostrado efic\u00e1cia ao reduzir reca\u00eddas e facilitar a ades\u00e3o ao tratamento, que antes podia durar at\u00e9 14 dias.<\/p>\n\n\n\n<p>\ud83d\udd17 Clique <a href=\"https:\/\/agenciabrasil.ebc.com.br\/saude\/noticia\/2026-03\/sus-comeca-usar-novo-tratamento-contra-malaria-em-criancas\">aqui<\/a> para ter acesso completo a not\u00edcia.\u00a0<\/p>","protected":false},"excerpt":{"rendered":"<p>O Minist\u00e9rio da Sa\u00fade iniciou a implementa\u00e7\u00e3o de um novo tratamento contra a Mal\u00e1ria voltado para crian\u00e7as com menos de 16 anos atendidas pelo Sistema \u00danico de Sa\u00fade (SUS). A estrat\u00e9gia inclui o uso da tafenoquina na formula\u00e7\u00e3o pedi\u00e1trica de 50 mg, indicada para crian\u00e7as com peso entre 10 kg e 35 kg. At\u00e9 ent\u00e3o, o medicamento era disponibilizado apenas para jovens e adultos a partir&hellip;<\/p>\n<p> <a class=\"more-link\" href=\"https:\/\/sds.unb.br\/es\/novo-tratamento-infantil-contra-malaria-e-ofertado-pelo-sus\/\">Leer m\u00e1s<\/a><\/p>","protected":false},"author":28,"featured_media":39341,"comment_status":"open","ping_status":"open","sticky":false,"template":"","format":"standard","meta":{"footnotes":""},"categories":[156],"tags":[62],"tnc_tax_1420":[],"class_list":{"0":"post-39340","1":"post","2":"type-post","3":"status-publish","4":"format-standard","5":"has-post-thumbnail","7":"category-noticias","8":"tag-noticias"},"views":139,"_links":{"self":[{"href":"https:\/\/sds.unb.br\/es\/wp-json\/wp\/v2\/posts\/39340","targetHints":{"allow":["GET"]}}],"collection":[{"href":"https:\/\/sds.unb.br\/es\/wp-json\/wp\/v2\/posts"}],"about":[{"href":"https:\/\/sds.unb.br\/es\/wp-json\/wp\/v2\/types\/post"}],"author":[{"embeddable":true,"href":"https:\/\/sds.unb.br\/es\/wp-json\/wp\/v2\/users\/28"}],"replies":[{"embeddable":true,"href":"https:\/\/sds.unb.br\/es\/wp-json\/wp\/v2\/comments?post=39340"}],"version-history":[{"count":1,"href":"https:\/\/sds.unb.br\/es\/wp-json\/wp\/v2\/posts\/39340\/revisions"}],"predecessor-version":[{"id":39342,"href":"https:\/\/sds.unb.br\/es\/wp-json\/wp\/v2\/posts\/39340\/revisions\/39342"}],"wp:featuredmedia":[{"embeddable":true,"href":"https:\/\/sds.unb.br\/es\/wp-json\/wp\/v2\/media\/39341"}],"wp:attachment":[{"href":"https:\/\/sds.unb.br\/es\/wp-json\/wp\/v2\/media?parent=39340"}],"wp:term":[{"taxonomy":"category","embeddable":true,"href":"https:\/\/sds.unb.br\/es\/wp-json\/wp\/v2\/categories?post=39340"},{"taxonomy":"post_tag","embeddable":true,"href":"https:\/\/sds.unb.br\/es\/wp-json\/wp\/v2\/tags?post=39340"},{"taxonomy":"tnc_tax_1420","embeddable":true,"href":"https:\/\/sds.unb.br\/es\/wp-json\/wp\/v2\/tnc_tax_1420?post=39340"}],"curies":[{"name":"wp","href":"https:\/\/api.w.org\/{rel}","templated":true}]}}