{"id":39326,"date":"2026-02-18T15:30:48","date_gmt":"2026-02-18T18:30:48","guid":{"rendered":"https:\/\/sds.unb.br\/?p=39326"},"modified":"2026-02-18T15:30:50","modified_gmt":"2026-02-18T18:30:50","slug":"persistencia-de-infeccao-por-sarampo-nas-americas-acende-alerta-epidemiologico","status":"publish","type":"post","link":"https:\/\/sds.unb.br\/es\/persistencia-de-infeccao-por-sarampo-nas-americas-acende-alerta-epidemiologico\/","title":{"rendered":"Persist\u00eancia de Infec\u00e7\u00e3o por Sarampo nas Am\u00e9ricas Acende Alerta Epidemiol\u00f3gico"},"content":{"rendered":"<figure class=\"wp-block-image size-full\"><img fetchpriority=\"high\" decoding=\"async\" width=\"1020\" height=\"600\" src=\"https:\/\/sds.unb.br\/wp-content\/uploads\/2026\/02\/Modelo-noticias-semanais-2-1.png\" alt=\"\" class=\"wp-image-39327\" srcset=\"https:\/\/sds.unb.br\/wp-content\/uploads\/2026\/02\/Modelo-noticias-semanais-2-1.png 1020w, https:\/\/sds.unb.br\/wp-content\/uploads\/2026\/02\/Modelo-noticias-semanais-2-1-300x176.png 300w, https:\/\/sds.unb.br\/wp-content\/uploads\/2026\/02\/Modelo-noticias-semanais-2-1-768x452.png 768w, https:\/\/sds.unb.br\/wp-content\/uploads\/2026\/02\/Modelo-noticias-semanais-2-1-18x12.png 18w, https:\/\/sds.unb.br\/wp-content\/uploads\/2026\/02\/Modelo-noticias-semanais-2-1-205x121.png 205w, https:\/\/sds.unb.br\/wp-content\/uploads\/2026\/02\/Modelo-noticias-semanais-2-1-480x282.png 480w\" sizes=\"(max-width: 1020px) 100vw, 1020px\" \/><\/figure>\n\n\n\n<p>O Sarampo \u00e9 uma&nbsp; doen\u00e7a viral altamente contagiosa que j\u00e1 foi uma das principais causas de mortalidade infantil no mundo. Devido \u00e0 grande capacidade transmiss\u00e3o da doen\u00e7a que pode ser passada atrav\u00e9s da tosse, da saliva, da fala e do espirro, a vacina contra o sarampo \u00e9 indispens\u00e1vel para a popula\u00e7\u00e3o.<\/p>\n\n\n\n<p>Em 2025, foram registrados 14.891 casos confirmados de sarampo, incluindo 29 \u00f3bitos, no continente Americano. Esse n\u00famero \u00e9 32 vezes maior do que o n\u00famero de casos confirmados em 2024. Diante desse cen\u00e1rio, a Organiza\u00e7\u00e3o Pan-Americana de Sa\u00fade (OPAS) emitiu um alerta epidemiol\u00f3gico de urg\u00eancia para que os pa\u00edses do continente americano reforcem suas medidas de imuniza\u00e7\u00e3o e de a\u00e7\u00f5es para lidar rapidamente com os novos casos emergentes.<\/p>\n\n\n\n<p>Al\u00e9m disso, os dados dispon\u00edveis destacam ainda que 78% das pessoas infectadas n\u00e3o estavam vacinadas, ressaltando mais uma vez a import\u00e2ncia da vacina\u00e7\u00e3o para a preven\u00e7\u00e3o de surtos e novos casos.<\/p>\n\n\n\n<p>Em 2024, o Brasil recebeu da OPAS o certificado de pa\u00eds livre do sarampo, contudo, em 2025 foram identificados 38 casos no pa\u00eds. Apesar de representar um n\u00famero pequeno,&nbsp; as campanhas de imuniza\u00e7\u00e3o com a vacina tr\u00edplice viral (vacina que protege contra rub\u00e9ola, caxumba e sarampo) n\u00e3o devem perder a for\u00e7a visto que essa \u00e9 a forma mais eficaz de prevenir a doen\u00e7a.<\/p>\n\n\n\n<p>O impacto da vacina\u00e7\u00e3o pode ser observado a partir dos dados brasileiros, pois no ano de 2024, a cobertura vacinal contra o sarampo foi de &nbsp;95,80% de cobertura para a primeira dose da <a href=\"https:\/\/www.gov.br\/saude\/pt-br\/assuntos\/saude-de-a-a-z\/t\/triplice-viral\">tr\u00edplice viral<\/a> e 80,43% para a segunda dose. Essa grande taxa da popula\u00e7\u00e3o que foi vacinada resultou em apenas 5 casos confirmados no ano, sendo que 4 destes foram importados de outros pa\u00edses por viajantes.<\/p>\n\n\n\n<p>Por fim, a OPAS destaca que frente aos novos eventos massivos esperados neste ano, como a Copa do Mundo de 2026, os pa\u00edses americanos devem fortalecer a busca ativa por casos de infec\u00e7\u00f5es pelo sarampo a fim de detectar precocemente o surgimento da doen\u00e7a e evitar surtos.<\/p>\n\n\n\n<p>\ud83d\udd17 Clique <a href=\"https:\/\/www.paho.org\/pt\/noticias\/4-2-2026-opas-emite-alerta-epidemiologico-diante-da-persistencia-do-sarampo-nas-americas-e\">aqui<\/a> para ter acesso completo a not\u00edcia.&nbsp;<\/p>\n\n\n\n<p><\/p>","protected":false},"excerpt":{"rendered":"<p>A Organiza\u00e7\u00e3o Pan-Americana de Sa\u00fade emite recomenda\u00e7\u00e3o para o fortalecimento de medidas de imuniza\u00e7\u00e3o e vigil\u00e2ncia epidemiol\u00f3gica em resposta ao aumento de casos de sarampo no continente Americano.<\/p>\n<p> <a class=\"more-link\" href=\"https:\/\/sds.unb.br\/es\/persistencia-de-infeccao-por-sarampo-nas-americas-acende-alerta-epidemiologico\/\">Leer m\u00e1s<\/a><\/p>","protected":false},"author":28,"featured_media":39327,"comment_status":"open","ping_status":"open","sticky":false,"template":"","format":"standard","meta":{"footnotes":""},"categories":[156],"tags":[319,467,292,81,427,466],"tnc_tax_1420":[],"class_list":{"0":"post-39326","1":"post","2":"type-post","3":"status-publish","4":"format-standard","5":"has-post-thumbnail","7":"category-noticias","8":"tag-epidemiologia","9":"tag-imunizacao","10":"tag-sarampo","11":"tag-saude","12":"tag-sds","13":"tag-vacinas"},"views":150,"_links":{"self":[{"href":"https:\/\/sds.unb.br\/es\/wp-json\/wp\/v2\/posts\/39326","targetHints":{"allow":["GET"]}}],"collection":[{"href":"https:\/\/sds.unb.br\/es\/wp-json\/wp\/v2\/posts"}],"about":[{"href":"https:\/\/sds.unb.br\/es\/wp-json\/wp\/v2\/types\/post"}],"author":[{"embeddable":true,"href":"https:\/\/sds.unb.br\/es\/wp-json\/wp\/v2\/users\/28"}],"replies":[{"embeddable":true,"href":"https:\/\/sds.unb.br\/es\/wp-json\/wp\/v2\/comments?post=39326"}],"version-history":[{"count":1,"href":"https:\/\/sds.unb.br\/es\/wp-json\/wp\/v2\/posts\/39326\/revisions"}],"predecessor-version":[{"id":39328,"href":"https:\/\/sds.unb.br\/es\/wp-json\/wp\/v2\/posts\/39326\/revisions\/39328"}],"wp:featuredmedia":[{"embeddable":true,"href":"https:\/\/sds.unb.br\/es\/wp-json\/wp\/v2\/media\/39327"}],"wp:attachment":[{"href":"https:\/\/sds.unb.br\/es\/wp-json\/wp\/v2\/media?parent=39326"}],"wp:term":[{"taxonomy":"category","embeddable":true,"href":"https:\/\/sds.unb.br\/es\/wp-json\/wp\/v2\/categories?post=39326"},{"taxonomy":"post_tag","embeddable":true,"href":"https:\/\/sds.unb.br\/es\/wp-json\/wp\/v2\/tags?post=39326"},{"taxonomy":"tnc_tax_1420","embeddable":true,"href":"https:\/\/sds.unb.br\/es\/wp-json\/wp\/v2\/tnc_tax_1420?post=39326"}],"curies":[{"name":"wp","href":"https:\/\/api.w.org\/{rel}","templated":true}]}}