{"id":39198,"date":"2026-01-13T11:10:23","date_gmt":"2026-01-13T14:10:23","guid":{"rendered":"https:\/\/sds.unb.br\/?p=39198"},"modified":"2026-01-13T11:10:24","modified_gmt":"2026-01-13T14:10:24","slug":"vaga-para-bolsista-ti-graduacao","status":"publish","type":"post","link":"https:\/\/sds.unb.br\/es\/vaga-para-bolsista-ti-graduacao\/","title":{"rendered":"Vaga para Bolsista TI Gradua\u00e7\u00e3o"},"content":{"rendered":"<p><strong>Sele\u00e7\u00e3o de Bolsistas \u2013 \u00c1rea de Tecnologia da Informa\u00e7\u00e3o<\/strong> PET Sa\u00fade Digital (GT05)<\/p>\n\n\n\n<p>Est\u00e3o abertas as inscri\u00e7\u00f5es para a sele\u00e7\u00e3o de bolsistas na \u00e1rea de Tecnologia da Informa\u00e7\u00e3o, no \u00e2mbito do Projeto <strong>Plataforma Coopere<\/strong>, iniciativa voltada \u00e0 transforma\u00e7\u00e3o digital no SUS e ao fortalecimento da comunica\u00e7\u00e3o e integra\u00e7\u00e3o das Redes de Aten\u00e7\u00e3o \u00e0 Sa\u00fade. <\/p>\n\n\n\n<p>Ser\u00e3o ofertadas <strong>02 vagas<\/strong> para estudantes regularmente matriculados em cursos da \u00e1rea de TI ou afins, com perfil proativo, capacidade de trabalho colaborativo e interesse em atuar em atividades de ensino, pesquisa e extens\u00e3o integradas ao servi\u00e7o e \u00e0 comunidade. A bolsa tem valor mensal de <strong>R$ 700,00<\/strong>, com carga hor\u00e1ria m\u00ednima de <strong>8 horas semanais<\/strong>. <\/p>\n\n\n\n<p>As inscri\u00e7\u00f5es dever\u00e3o ser realizadas <strong>de 12 a 16 de janeiro de 2026<\/strong>, exclusivamente por meio de formul\u00e1rio eletr\u00f4nico, mediante envio da documenta\u00e7\u00e3o exigida em edital. O processo seletivo ocorrer\u00e1 em etapa \u00fanica, de car\u00e1ter eliminat\u00f3rio e classificat\u00f3rio, considerando a an\u00e1lise das experi\u00eancias profissionais\/acad\u00eamicas e da carta de inten\u00e7\u00e3o. <\/p>\n\n\n\n<p>\ud83d\udc49 <strong>Para mais informa\u00e7\u00f5es sobre requisitos, documenta\u00e7\u00e3o, cronograma e crit\u00e9rios de avalia\u00e7\u00e3o, confira o edital .<\/strong><\/p>\n\n\n<a href=\"https:\/\/sds.unb.br\/wp-content\/uploads\/2026\/01\/Chamada-Publica-Monitor-TI.pdf\" class=\"pdfemb-viewer\" style=\"\" data-width=\"max\" data-height=\"max\" data-toolbar=\"bottom\" data-toolbar-fixed=\"off\">Chamada-Publica-Monitor-TI<\/a>","protected":false},"excerpt":{"rendered":"<p>Sele\u00e7\u00e3o de Bolsistas \u2013 \u00c1rea de Tecnologia da Informa\u00e7\u00e3o PET Sa\u00fade Digital (GT05) Est\u00e3o abertas as inscri\u00e7\u00f5es para a sele\u00e7\u00e3o de bolsistas na \u00e1rea de Tecnologia da Informa\u00e7\u00e3o, no \u00e2mbito do Projeto Plataforma Coopere, iniciativa voltada \u00e0 transforma\u00e7\u00e3o digital no SUS e ao fortalecimento da comunica\u00e7\u00e3o e integra\u00e7\u00e3o das Redes de Aten\u00e7\u00e3o \u00e0 Sa\u00fade. Ser\u00e3o ofertadas 02 vagas para estudantes regularmente matriculados em cursos da \u00e1rea&hellip;<\/p>\n<p> <a class=\"more-link\" href=\"https:\/\/sds.unb.br\/es\/vaga-para-bolsista-ti-graduacao\/\">Leer m\u00e1s<\/a><\/p>","protected":false},"author":28,"featured_media":39200,"comment_status":"open","ping_status":"open","sticky":false,"template":"","format":"standard","meta":{"footnotes":""},"categories":[188,156],"tags":[189,62],"tnc_tax_1420":[],"class_list":{"0":"post-39198","1":"post","2":"type-post","3":"status-publish","4":"format-standard","5":"has-post-thumbnail","7":"category-editais","8":"category-noticias","9":"tag-editais","10":"tag-noticias"},"views":306,"_links":{"self":[{"href":"https:\/\/sds.unb.br\/es\/wp-json\/wp\/v2\/posts\/39198","targetHints":{"allow":["GET"]}}],"collection":[{"href":"https:\/\/sds.unb.br\/es\/wp-json\/wp\/v2\/posts"}],"about":[{"href":"https:\/\/sds.unb.br\/es\/wp-json\/wp\/v2\/types\/post"}],"author":[{"embeddable":true,"href":"https:\/\/sds.unb.br\/es\/wp-json\/wp\/v2\/users\/28"}],"replies":[{"embeddable":true,"href":"https:\/\/sds.unb.br\/es\/wp-json\/wp\/v2\/comments?post=39198"}],"version-history":[{"count":1,"href":"https:\/\/sds.unb.br\/es\/wp-json\/wp\/v2\/posts\/39198\/revisions"}],"predecessor-version":[{"id":39201,"href":"https:\/\/sds.unb.br\/es\/wp-json\/wp\/v2\/posts\/39198\/revisions\/39201"}],"wp:featuredmedia":[{"embeddable":true,"href":"https:\/\/sds.unb.br\/es\/wp-json\/wp\/v2\/media\/39200"}],"wp:attachment":[{"href":"https:\/\/sds.unb.br\/es\/wp-json\/wp\/v2\/media?parent=39198"}],"wp:term":[{"taxonomy":"category","embeddable":true,"href":"https:\/\/sds.unb.br\/es\/wp-json\/wp\/v2\/categories?post=39198"},{"taxonomy":"post_tag","embeddable":true,"href":"https:\/\/sds.unb.br\/es\/wp-json\/wp\/v2\/tags?post=39198"},{"taxonomy":"tnc_tax_1420","embeddable":true,"href":"https:\/\/sds.unb.br\/es\/wp-json\/wp\/v2\/tnc_tax_1420?post=39198"}],"curies":[{"name":"wp","href":"https:\/\/api.w.org\/{rel}","templated":true}]}}