{"id":39194,"date":"2026-01-12T14:30:00","date_gmt":"2026-01-12T17:30:00","guid":{"rendered":"https:\/\/sds.unb.br\/?p=39194"},"modified":"2026-01-11T19:43:16","modified_gmt":"2026-01-11T22:43:16","slug":"vaga-bolsista-pos-graduacao","status":"publish","type":"post","link":"https:\/\/sds.unb.br\/es\/vaga-bolsista-pos-graduacao\/","title":{"rendered":"Vaga &#8211; Bolsista P\u00f3s Gradua\u00e7\u00e3o"},"content":{"rendered":"<p>A <strong>Sala de Situa\u00e7\u00e3o de Sa\u00fade (SDS\/UnB)<\/strong> torna p\u00fablica a abertura de inscri\u00e7\u00f5es para <strong>sele\u00e7\u00e3o de bolsista de p\u00f3s-gradua\u00e7\u00e3o<\/strong> para atua\u00e7\u00e3o no projeto <strong>\u201cEstudos de avalia\u00e7\u00e3o e incorpora\u00e7\u00e3o de tecnologias \u2013 For\u00e7a Nacional SUS\u201d<\/strong>.<\/p>\n\n\n\n<p>A oportunidade \u00e9 destinada a estudantes regularmente matriculados em programas de p\u00f3s-gradua\u00e7\u00e3o da Universidade de Bras\u00edlia ou a profissionais com p\u00f3s-gradua\u00e7\u00e3o conclu\u00edda, em n\u00edvel de especializa\u00e7\u00e3o ou mestrado, nas \u00e1reas de <strong>Estat\u00edstica, An\u00e1lise de Dados e afins<\/strong>. O(a) bolsista selecionado(a) ir\u00e1 atuar no desenvolvimento de atividades relacionadas \u00e0 coleta, an\u00e1lise e visualiza\u00e7\u00e3o de dados, produ\u00e7\u00e3o de estudos quantitativos e qualitativos, elabora\u00e7\u00e3o de dashboards e apoio \u00e0 produ\u00e7\u00e3o cient\u00edfica do projeto.<\/p>\n\n\n\n<p>As inscri\u00e7\u00f5es estar\u00e3o abertas <strong>at\u00e9 o dia 15 de janeiro<\/strong>, e os requisitos, carga hor\u00e1ria, crit\u00e9rios de sele\u00e7\u00e3o e demais informa\u00e7\u00f5es est\u00e3o detalhados no documento oficial.<\/p>\n\n\n\n<p>\ud83d\udc49 <strong>Confira o edital<\/strong><\/p>\n\n\n<a href=\"https:\/\/sds.unb.br\/wp-content\/uploads\/2026\/01\/GES-EDITAL-_003_Forca-Nacional.pdf\" class=\"pdfemb-viewer\" style=\"\" data-width=\"max\" data-height=\"max\" data-toolbar=\"bottom\" data-toolbar-fixed=\"off\">GES-EDITAL-_003_Forca-Nacional<\/a>","protected":false},"excerpt":{"rendered":"<p>A Sala de Situa\u00e7\u00e3o de Sa\u00fade (SDS\/UnB) torna p\u00fablica a abertura de inscri\u00e7\u00f5es para sele\u00e7\u00e3o de bolsista de p\u00f3s-gradua\u00e7\u00e3o para atua\u00e7\u00e3o no projeto \u201cEstudos de avalia\u00e7\u00e3o e incorpora\u00e7\u00e3o de tecnologias \u2013 For\u00e7a Nacional SUS\u201d. A oportunidade \u00e9 destinada a estudantes regularmente matriculados em programas de p\u00f3s-gradua\u00e7\u00e3o da Universidade de Bras\u00edlia ou a profissionais com p\u00f3s-gradua\u00e7\u00e3o conclu\u00edda, em n\u00edvel de especializa\u00e7\u00e3o ou mestrado, nas \u00e1reas de Estat\u00edstica,&hellip;<\/p>\n<p> <a class=\"more-link\" href=\"https:\/\/sds.unb.br\/es\/vaga-bolsista-pos-graduacao\/\">Leer m\u00e1s<\/a><\/p>","protected":false},"author":28,"featured_media":39196,"comment_status":"open","ping_status":"open","sticky":false,"template":"","format":"standard","meta":{"footnotes":""},"categories":[188,156],"tags":[189,62],"tnc_tax_1420":[],"class_list":{"0":"post-39194","1":"post","2":"type-post","3":"status-publish","4":"format-standard","5":"has-post-thumbnail","7":"category-editais","8":"category-noticias","9":"tag-editais","10":"tag-noticias"},"views":297,"_links":{"self":[{"href":"https:\/\/sds.unb.br\/es\/wp-json\/wp\/v2\/posts\/39194","targetHints":{"allow":["GET"]}}],"collection":[{"href":"https:\/\/sds.unb.br\/es\/wp-json\/wp\/v2\/posts"}],"about":[{"href":"https:\/\/sds.unb.br\/es\/wp-json\/wp\/v2\/types\/post"}],"author":[{"embeddable":true,"href":"https:\/\/sds.unb.br\/es\/wp-json\/wp\/v2\/users\/28"}],"replies":[{"embeddable":true,"href":"https:\/\/sds.unb.br\/es\/wp-json\/wp\/v2\/comments?post=39194"}],"version-history":[{"count":1,"href":"https:\/\/sds.unb.br\/es\/wp-json\/wp\/v2\/posts\/39194\/revisions"}],"predecessor-version":[{"id":39197,"href":"https:\/\/sds.unb.br\/es\/wp-json\/wp\/v2\/posts\/39194\/revisions\/39197"}],"wp:featuredmedia":[{"embeddable":true,"href":"https:\/\/sds.unb.br\/es\/wp-json\/wp\/v2\/media\/39196"}],"wp:attachment":[{"href":"https:\/\/sds.unb.br\/es\/wp-json\/wp\/v2\/media?parent=39194"}],"wp:term":[{"taxonomy":"category","embeddable":true,"href":"https:\/\/sds.unb.br\/es\/wp-json\/wp\/v2\/categories?post=39194"},{"taxonomy":"post_tag","embeddable":true,"href":"https:\/\/sds.unb.br\/es\/wp-json\/wp\/v2\/tags?post=39194"},{"taxonomy":"tnc_tax_1420","embeddable":true,"href":"https:\/\/sds.unb.br\/es\/wp-json\/wp\/v2\/tnc_tax_1420?post=39194"}],"curies":[{"name":"wp","href":"https:\/\/api.w.org\/{rel}","templated":true}]}}