{"id":39103,"date":"2025-10-27T17:20:05","date_gmt":"2025-10-27T20:20:05","guid":{"rendered":"https:\/\/sds.unb.br\/?p=39103"},"modified":"2025-10-27T17:21:45","modified_gmt":"2025-10-27T20:21:45","slug":"iniciativa-garante-beneficio-para-custear-deslocamentos-de-pacientes-oncologicos","status":"publish","type":"post","link":"https:\/\/sds.unb.br\/es\/iniciativa-garante-beneficio-para-custear-deslocamentos-de-pacientes-oncologicos\/","title":{"rendered":"Iniciativa Garante Benef\u00edcio Para Custear Deslocamentos De Pacientes Oncol\u00f3gicos"},"content":{"rendered":"<p>O Minist\u00e9rio da Sa\u00fade, por meio do programa <strong>&#8220;Agora Tem Especialistas&#8221;<\/strong>, lan\u00e7ou o maior pacote de medidas para a oncologia dos 35 anos do Sistema \u00danico de Sa\u00fade (SUS), visando construir a maior rede p\u00fablica de preven\u00e7\u00e3o, diagn\u00f3stico e tratamento de c\u00e2ncer do pa\u00eds e garantir o acesso equ\u00e2nime a todos os pacientes.<\/p>\n\n\n\n<p>Para assegurar que nenhum paciente de c\u00e2ncer abandone o tratamento por dificuldades de deslocamento \u2014 uma vez que a m\u00e9dia de viagem no Brasil \u00e9 de <strong>145 km<\/strong> para acessar a radioterapia \u2014 foi institu\u00eddo um <strong>aux\u00edlio financeiro exclusivo<\/strong>. Este benef\u00edcio in\u00e9dito garante o custeio de transporte, alimenta\u00e7\u00e3o e hospedagem para o paciente e seu acompanhante. Cada um ter\u00e1 direito a <strong>R$ 150 por trajeto<\/strong> (ida e volta), al\u00e9m de <strong>R$ 150 para despesas di\u00e1rias<\/strong> de refei\u00e7\u00f5es e estadia, cobrindo o acolhimento durante o per\u00edodo de tratamento.<\/p>\n\n\n\n<p>O investimento anual do Governo Federal para o tratamento de radioterapia alcan\u00e7ar\u00e1 <strong>R$ 907 milh\u00f5es<\/strong>, incorporando <strong>R$ 156 milh\u00f5es<\/strong> adicionais. O novo modelo de financiamento passar\u00e1 a remunerar os servi\u00e7os por produtividade, incentivando a amplia\u00e7\u00e3o do atendimento para at\u00e9 <strong>60 novos pacientes<\/strong> por acelerador linear.<\/p>\n\n\n\n<p>O pacote tamb\u00e9m inclui a cria\u00e7\u00e3o da Assist\u00eancia Farmac\u00eautica Oncol\u00f3gica (AF-Onco), que garante o <strong>custeio de 100% dos medicamentos para c\u00e2ncer<\/strong> pela Uni\u00e3o, visando maior poder de compra e redu\u00e7\u00e3o de custos. Al\u00e9m disso, o programa prev\u00ea a habilita\u00e7\u00e3o de estabelecimentos de sa\u00fade, incluindo o setor privado, que dever\u00e3o ofertar, no m\u00ednimo, <strong>30% de sua capacidade instalada<\/strong> para a rede p\u00fablica, fortalecendo a capilaridade do SUS.<\/p>\n\n\n\n<p>O ministro da Sa\u00fade, Alexandre Padilha, refor\u00e7a que a iniciativa visa reduzir desigualdades regionais, diminuir o abandono do tratamento e consolidar o servi\u00e7o integral e humanizado aos pacientes oncol\u00f3gicos.<\/p>\n\n\n\n<p>Clique <a href=\"https:\/\/www.gov.br\/saude\/pt-br\/assuntos\/noticias\/2025\/outubro\/ministerio-da-saude-cria-auxilio-de-transporte-para-garantir-acesso-de-pacientes-a-radioterapia\" data-type=\"link\" data-id=\"https:\/\/www.gov.br\/saude\/pt-br\/assuntos\/noticias\/2025\/outubro\/ministerio-da-saude-cria-auxilio-de-transporte-para-garantir-acesso-de-pacientes-a-radioterapia\">aqui<\/a> para saber mais! <\/p>\n\n\n\n<p><\/p>","protected":false},"excerpt":{"rendered":"<p>O Minist\u00e9rio da Sa\u00fade, por meio do programa &#8220;Agora Tem Especialistas&#8221;, lan\u00e7ou o maior pacote de medidas para a oncologia dos 35 anos do Sistema \u00danico de Sa\u00fade (SUS), visando construir a maior rede p\u00fablica de preven\u00e7\u00e3o, diagn\u00f3stico e tratamento de c\u00e2ncer do pa\u00eds e garantir o acesso equ\u00e2nime a todos os pacientes. Para assegurar que nenhum paciente de c\u00e2ncer abandone o tratamento por dificuldades de&hellip;<\/p>\n<p> <a class=\"more-link\" href=\"https:\/\/sds.unb.br\/es\/iniciativa-garante-beneficio-para-custear-deslocamentos-de-pacientes-oncologicos\/\">Leer m\u00e1s<\/a><\/p>","protected":false},"author":28,"featured_media":39104,"comment_status":"open","ping_status":"open","sticky":false,"template":"","format":"standard","meta":{"footnotes":""},"categories":[156],"tags":[62],"tnc_tax_1420":[],"class_list":{"0":"post-39103","1":"post","2":"type-post","3":"status-publish","4":"format-standard","5":"has-post-thumbnail","7":"category-noticias","8":"tag-noticias"},"views":303,"_links":{"self":[{"href":"https:\/\/sds.unb.br\/es\/wp-json\/wp\/v2\/posts\/39103","targetHints":{"allow":["GET"]}}],"collection":[{"href":"https:\/\/sds.unb.br\/es\/wp-json\/wp\/v2\/posts"}],"about":[{"href":"https:\/\/sds.unb.br\/es\/wp-json\/wp\/v2\/types\/post"}],"author":[{"embeddable":true,"href":"https:\/\/sds.unb.br\/es\/wp-json\/wp\/v2\/users\/28"}],"replies":[{"embeddable":true,"href":"https:\/\/sds.unb.br\/es\/wp-json\/wp\/v2\/comments?post=39103"}],"version-history":[{"count":1,"href":"https:\/\/sds.unb.br\/es\/wp-json\/wp\/v2\/posts\/39103\/revisions"}],"predecessor-version":[{"id":39105,"href":"https:\/\/sds.unb.br\/es\/wp-json\/wp\/v2\/posts\/39103\/revisions\/39105"}],"wp:featuredmedia":[{"embeddable":true,"href":"https:\/\/sds.unb.br\/es\/wp-json\/wp\/v2\/media\/39104"}],"wp:attachment":[{"href":"https:\/\/sds.unb.br\/es\/wp-json\/wp\/v2\/media?parent=39103"}],"wp:term":[{"taxonomy":"category","embeddable":true,"href":"https:\/\/sds.unb.br\/es\/wp-json\/wp\/v2\/categories?post=39103"},{"taxonomy":"post_tag","embeddable":true,"href":"https:\/\/sds.unb.br\/es\/wp-json\/wp\/v2\/tags?post=39103"},{"taxonomy":"tnc_tax_1420","embeddable":true,"href":"https:\/\/sds.unb.br\/es\/wp-json\/wp\/v2\/tnc_tax_1420?post=39103"}],"curies":[{"name":"wp","href":"https:\/\/api.w.org\/{rel}","templated":true}]}}