{"id":39051,"date":"2025-10-17T16:56:56","date_gmt":"2025-10-17T19:56:56","guid":{"rendered":"https:\/\/sds.unb.br\/?p=39051"},"modified":"2025-10-17T16:56:57","modified_gmt":"2025-10-17T19:56:57","slug":"dia-nacional-da-vacinacao","status":"publish","type":"post","link":"https:\/\/sds.unb.br\/es\/dia-nacional-da-vacinacao\/","title":{"rendered":"Dia Nacional da Vacina\u00e7\u00e3o"},"content":{"rendered":"<p>O <strong>Dia Nacional da Vacina\u00e7\u00e3o<\/strong>, celebrado em <strong>17 de outubro<\/strong>, \u00e9 uma data para <strong>refor\u00e7ar a import\u00e2ncia da imuniza\u00e7\u00e3o como uma das ferramentas mais eficazes de preven\u00e7\u00e3o em sa\u00fade p\u00fablica<\/strong>. Gra\u00e7as \u00e0s vacinas, o Brasil e o mundo conseguiram reduzir, controlar e at\u00e9 eliminar diversas doen\u00e7as que antes causavam milh\u00f5es de mortes.<\/p>\n\n\n\n<p>A vacina\u00e7\u00e3o protege n\u00e3o apenas quem recebe a dose, mas tamb\u00e9m toda a comunidade, o que chama-se de <strong>imunidade coletiva<\/strong>. Quando a maioria da popula\u00e7\u00e3o est\u00e1 vacinada, o v\u00edrus ou bact\u00e9ria encontra mais dificuldade para circular, protegendo inclusive quem n\u00e3o pode se vacinar por motivos m\u00e9dicos.<\/p>\n\n\n\n<p>As vacinas passam por r\u00edgidos processos de pesquisa, controle e monitoramento antes de serem disponibilizadas \u00e0 popula\u00e7\u00e3o. S\u00e3o seguras, eficazes e representam o compromisso da ci\u00eancia com a vida. <strong>Mantenha sua caderneta de vacina\u00e7\u00e3o em dia!<\/strong><\/p>\n\n\n\n<p>\ud83d\udd14<strong> Lembrete:<\/strong> no dia 18 de outubro, ocorre o <strong>Dia D da Campanha Nacional de Multivacina\u00e7\u00e3o<\/strong> em todo o Brasil. A iniciativa do Minist\u00e9rio da Sa\u00fade visa atualizar a caderneta de vacina\u00e7\u00e3o de crian\u00e7as e adolescentes com menos de 15 anos. Participe dessa iniciativa!<\/p>\n\n\n\n<p><a href=\"https:\/\/www.gov.br\/saude\/pt-br\/assuntos\/noticias\/2025\/outubro\/ministerio-da-saude-promove-dia-d-para-atualizar-caderneta-de-vacinacao-de-criancas-e-adolescentes\" data-type=\"link\" data-id=\"https:\/\/www.gov.br\/saude\/pt-br\/assuntos\/noticias\/2025\/outubro\/ministerio-da-saude-promove-dia-d-para-atualizar-caderneta-de-vacinacao-de-criancas-e-adolescentes\">Clique aqui<\/a> e saiba mais!<\/p>\n\n\n\n<p><\/p>","protected":false},"excerpt":{"rendered":"<p>O Dia Nacional da Vacina\u00e7\u00e3o, celebrado em 17 de outubro, \u00e9 uma data para refor\u00e7ar a import\u00e2ncia da imuniza\u00e7\u00e3o como uma das ferramentas mais eficazes de preven\u00e7\u00e3o em sa\u00fade p\u00fablica. Gra\u00e7as \u00e0s vacinas, o Brasil e o mundo conseguiram reduzir, controlar e at\u00e9 eliminar diversas doen\u00e7as que antes causavam milh\u00f5es de mortes. A vacina\u00e7\u00e3o protege n\u00e3o apenas quem recebe a dose, mas tamb\u00e9m toda a comunidade,&hellip;<\/p>\n<p> <a class=\"more-link\" href=\"https:\/\/sds.unb.br\/es\/dia-nacional-da-vacinacao\/\">Leer m\u00e1s<\/a><\/p>","protected":false},"author":28,"featured_media":39052,"comment_status":"open","ping_status":"open","sticky":false,"template":"","format":"standard","meta":{"footnotes":""},"categories":[156],"tags":[62,448],"tnc_tax_1420":[],"class_list":{"0":"post-39051","1":"post","2":"type-post","3":"status-publish","4":"format-standard","5":"has-post-thumbnail","7":"category-noticias","8":"tag-noticias","9":"tag-vacinacao"},"views":181,"_links":{"self":[{"href":"https:\/\/sds.unb.br\/es\/wp-json\/wp\/v2\/posts\/39051","targetHints":{"allow":["GET"]}}],"collection":[{"href":"https:\/\/sds.unb.br\/es\/wp-json\/wp\/v2\/posts"}],"about":[{"href":"https:\/\/sds.unb.br\/es\/wp-json\/wp\/v2\/types\/post"}],"author":[{"embeddable":true,"href":"https:\/\/sds.unb.br\/es\/wp-json\/wp\/v2\/users\/28"}],"replies":[{"embeddable":true,"href":"https:\/\/sds.unb.br\/es\/wp-json\/wp\/v2\/comments?post=39051"}],"version-history":[{"count":1,"href":"https:\/\/sds.unb.br\/es\/wp-json\/wp\/v2\/posts\/39051\/revisions"}],"predecessor-version":[{"id":39053,"href":"https:\/\/sds.unb.br\/es\/wp-json\/wp\/v2\/posts\/39051\/revisions\/39053"}],"wp:featuredmedia":[{"embeddable":true,"href":"https:\/\/sds.unb.br\/es\/wp-json\/wp\/v2\/media\/39052"}],"wp:attachment":[{"href":"https:\/\/sds.unb.br\/es\/wp-json\/wp\/v2\/media?parent=39051"}],"wp:term":[{"taxonomy":"category","embeddable":true,"href":"https:\/\/sds.unb.br\/es\/wp-json\/wp\/v2\/categories?post=39051"},{"taxonomy":"post_tag","embeddable":true,"href":"https:\/\/sds.unb.br\/es\/wp-json\/wp\/v2\/tags?post=39051"},{"taxonomy":"tnc_tax_1420","embeddable":true,"href":"https:\/\/sds.unb.br\/es\/wp-json\/wp\/v2\/tnc_tax_1420?post=39051"}],"curies":[{"name":"wp","href":"https:\/\/api.w.org\/{rel}","templated":true}]}}