{"id":38572,"date":"2025-10-10T11:35:52","date_gmt":"2025-10-10T14:35:52","guid":{"rendered":"https:\/\/sds.unb.br\/?p=38572"},"modified":"2025-10-14T15:45:57","modified_gmt":"2025-10-14T18:45:57","slug":"boletim-informativo-saude-da-pessoa-idosa","status":"publish","type":"post","link":"https:\/\/sds.unb.br\/es\/boletim-informativo-saude-da-pessoa-idosa\/","title":{"rendered":"Boletim Informativo &#8211; Sa\u00fade da Pessoa Idosa"},"content":{"rendered":"<p>A equipe de Sa\u00fade da Pessoa Idosa da Sala de Situa\u00e7\u00e3o de Sa\u00fade, liderada pela professora Patr\u00edcia Azevedo finalizou o primeiro boletim informativo sobre a sa\u00fade da pessoa idosa atendida na aten\u00e7\u00e3o especializada na regi\u00e3o oeste de sa\u00fade do Distrito Federal.<\/p>\n\n\n\n<p>Os dados apresentados foram coletados em um servi\u00e7o de aten\u00e7\u00e3o especializada por meio da aplica\u00e7\u00e3o da ferramenta ICOPE (Aten\u00e7\u00e3o Integrada para a Pessoa Idosa) uma estrat\u00e9gia desenvolvida pela Organiza\u00e7\u00e3o Mundial da Sa\u00fade (OMS) &#8211; e complementados com o uso de instrumentos espec\u00edficos adicionais referentes a cada dom\u00ednio.<\/p>\n\n\n\n<p>Os resultados do boletim revelam que a a\u00e7\u00e3o conjunta da equipe multiprofissional \u00e9 decisiva para a manuten\u00e7\u00e3o do envelhecimento saud\u00e1vel.<\/p>\n\n\n\n<p>O boletim pode ser conferido abaixo:<\/p>\n\n\n\n<div data-wp-interactive=\"core\/file\" class=\"wp-block-file\"><object data-wp-bind--hidden=\"!state.hasPdfPreview\" hidden class=\"wp-block-file__embed\" data=\"https:\/\/sds.unb.br\/wp-content\/uploads\/2025\/10\/SDS-Capacidade-Intrinseca_20251009_171501_0000-1.pdf\" type=\"application\/pdf\" style=\"width:100%;height:600px\" aria-label=\"Incrustado de SDS - Capacidade Intr\u00ednseca_20251009_171501_0000.\"><\/object><a id=\"wp-block-file--media-f0e94f97-b9b7-4925-983b-e16f20945f7a\" href=\"https:\/\/sds.unb.br\/wp-content\/uploads\/2025\/10\/SDS-Capacidade-Intrinseca_20251009_171501_0000-1.pdf\">SDS &#8211; Capacidade Intr\u00ednseca_20251009_171501_0000<\/a><a href=\"https:\/\/sds.unb.br\/wp-content\/uploads\/2025\/10\/SDS-Capacidade-Intrinseca_20251009_171501_0000-1.pdf\" class=\"wp-block-file__button wp-element-button\" download aria-describedby=\"wp-block-file--media-f0e94f97-b9b7-4925-983b-e16f20945f7a\">Baixar<\/a><\/div>\n\n\n\n<p>Parabenizamos a equipe pelo trabalho e ressaltamos a import\u00e2ncia da atua\u00e7\u00e3o de pesquisas e a\u00e7\u00f5es que contribuam para a sa\u00fade desse p\u00fablico! <\/p>","protected":false},"excerpt":{"rendered":"<p>A equipe de Sa\u00fade da Pessoa Idosa da Sala de Situa\u00e7\u00e3o de Sa\u00fade, liderada pela professora Patr\u00edcia Azevedo finalizou o primeiro boletim informativo sobre a sa\u00fade da pessoa idosa atendida na aten\u00e7\u00e3o especializada na regi\u00e3o oeste de sa\u00fade do Distrito Federal. Os dados apresentados foram coletados em um servi\u00e7o de aten\u00e7\u00e3o especializada por meio da aplica\u00e7\u00e3o da ferramenta ICOPE (Aten\u00e7\u00e3o Integrada para a Pessoa Idosa) uma&hellip;<\/p>\n<p> <a class=\"more-link\" href=\"https:\/\/sds.unb.br\/es\/boletim-informativo-saude-da-pessoa-idosa\/\">Leer m\u00e1s<\/a><\/p>","protected":false},"author":28,"featured_media":38785,"comment_status":"open","ping_status":"open","sticky":false,"template":"","format":"standard","meta":{"footnotes":""},"categories":[156,443],"tags":[444,62],"tnc_tax_1420":[],"class_list":{"0":"post-38572","1":"post","2":"type-post","3":"status-publish","4":"format-standard","5":"has-post-thumbnail","7":"category-noticias","8":"category-saude-da-pessoa-idosa","9":"tag-boletim","10":"tag-noticias"},"views":216,"_links":{"self":[{"href":"https:\/\/sds.unb.br\/es\/wp-json\/wp\/v2\/posts\/38572","targetHints":{"allow":["GET"]}}],"collection":[{"href":"https:\/\/sds.unb.br\/es\/wp-json\/wp\/v2\/posts"}],"about":[{"href":"https:\/\/sds.unb.br\/es\/wp-json\/wp\/v2\/types\/post"}],"author":[{"embeddable":true,"href":"https:\/\/sds.unb.br\/es\/wp-json\/wp\/v2\/users\/28"}],"replies":[{"embeddable":true,"href":"https:\/\/sds.unb.br\/es\/wp-json\/wp\/v2\/comments?post=38572"}],"version-history":[{"count":5,"href":"https:\/\/sds.unb.br\/es\/wp-json\/wp\/v2\/posts\/38572\/revisions"}],"predecessor-version":[{"id":38582,"href":"https:\/\/sds.unb.br\/es\/wp-json\/wp\/v2\/posts\/38572\/revisions\/38582"}],"wp:featuredmedia":[{"embeddable":true,"href":"https:\/\/sds.unb.br\/es\/wp-json\/wp\/v2\/media\/38785"}],"wp:attachment":[{"href":"https:\/\/sds.unb.br\/es\/wp-json\/wp\/v2\/media?parent=38572"}],"wp:term":[{"taxonomy":"category","embeddable":true,"href":"https:\/\/sds.unb.br\/es\/wp-json\/wp\/v2\/categories?post=38572"},{"taxonomy":"post_tag","embeddable":true,"href":"https:\/\/sds.unb.br\/es\/wp-json\/wp\/v2\/tags?post=38572"},{"taxonomy":"tnc_tax_1420","embeddable":true,"href":"https:\/\/sds.unb.br\/es\/wp-json\/wp\/v2\/tnc_tax_1420?post=38572"}],"curies":[{"name":"wp","href":"https:\/\/api.w.org\/{rel}","templated":true}]}}