{"id":38568,"date":"2025-10-09T18:04:31","date_gmt":"2025-10-09T21:04:31","guid":{"rendered":"https:\/\/sds.unb.br\/?p=38568"},"modified":"2025-10-14T15:47:06","modified_gmt":"2025-10-14T18:47:06","slug":"desmistificando-a-influenza","status":"publish","type":"post","link":"https:\/\/sds.unb.br\/es\/desmistificando-a-influenza\/","title":{"rendered":"Desmistificando a Influenza"},"content":{"rendered":"<p>A<strong> influenza<\/strong>, tamb\u00e9m conhecida como gripe, \u00e9 uma <strong>infec\u00e7\u00e3o viral respirat\u00f3ria<\/strong> que circula todos os anos e pode causar, desde quadros leves, at\u00e9 complica\u00e7\u00f5es graves. Apesar de ser uma doen\u00e7a comum, <strong>muitos mitos ainda se espalham sobre o v\u00edrus<\/strong>, o que pode gerar desinforma\u00e7\u00e3o e dificultar as a\u00e7\u00f5es de preven\u00e7\u00e3o.<\/p>\n\n\n\n<p><strong>Democratizar o conhecimento cient\u00edfico \u00e9 fundamental para fortalecer a sa\u00fade p\u00fablica e promover atitudes conscientes.<\/strong><\/p>\n\n\n\n<p class=\"has-white-color has-text-color has-background has-link-color wp-elements-82d91e2a7aa0f6f044dd22695d62834d\" style=\"background-color:#ba9317\"><strong>O QUE \u00c9 A INFLUENZA?<\/strong><\/p>\n\n\n\n<p>A influenza \u00e9 causada pelos v\u00edrus <strong>Influenza A e B<\/strong>, sendo os subtipos mais frequentes <strong>H1N1<\/strong> e <strong>H3N2<\/strong>. Devido \u00e0 <strong>capacidade de muta\u00e7\u00e3o do v\u00edrus<\/strong>, a vacina\u00e7\u00e3o anual \u00e9 essencial para proteger a popula\u00e7\u00e3o contra as variantes que circulam a cada temporada.<\/p>\n\n\n\n<p class=\"has-white-color has-text-color has-background has-link-color wp-elements-75aec152bc4cd31ac898c0a951b4cb90\" style=\"background-color:#ba9317\"><strong>COMO \u00c9 TRANSMITIDO?<\/strong><\/p>\n\n\n\n<p>O v\u00edrus \u00e9 altamente contagioso e se espalha por:<\/p>\n\n\n\n<ul class=\"wp-block-list\">\n<li>Got\u00edculas de saliva e secre\u00e7\u00f5es respirat\u00f3rias ao tossir, espirrar ou falar;<\/li>\n\n\n\n<li>Contato direto com pessoas infectadas;<br>Contato com superf\u00edcies e objetos contaminados, seguido do toque em boca, nariz ou olhos.<\/li>\n<\/ul>\n\n\n\n<p>&nbsp;A transmiss\u00e3o \u00e9 mais<strong> intensa<\/strong> nos<strong> primeiros dias dos sintomas<\/strong>.<\/p>\n\n\n\n<p class=\"has-white-color has-text-color has-background has-link-color wp-elements-c535c91cfc0799355589eff9f268958f\" style=\"background-color:#ba9317\"><strong>QUAIS S\u00c3O OS SINTOMAS COMUNS?<\/strong><\/p>\n\n\n\n<ul class=\"wp-block-list\">\n<li>Febre alta e in\u00edcio s\u00fabito\u00a0<\/li>\n\n\n\n<li>Tosse seca e dor de garganta<\/li>\n\n\n\n<li>Dores no corpo e nas articula\u00e7\u00f5es<\/li>\n\n\n\n<li>Cansa\u00e7o e calafrios\u00a0<\/li>\n\n\n\n<li>Dor de cabe\u00e7a<\/li>\n\n\n\n<li>\u00a0Em crian\u00e7as, pode causar v\u00f4mitos e diarreia<\/li>\n<\/ul>\n\n\n\n<p class=\"has-white-color has-text-color has-background has-link-color wp-elements-a804ed3dd92fc0eb5e0c387f93c139cf\" style=\"background-color:#df3838\"> <strong>GRUPOS DE RISCO!<\/strong><\/p>\n\n\n\n<ul class=\"wp-block-list\">\n<li>Crian\u00e7as menores de 5 anos<\/li>\n\n\n\n<li>Idosos<br>Gestantes e pu\u00e9rperas<\/li>\n\n\n\n<li>Pessoas com doen\u00e7as cr\u00f4nicas<\/li>\n\n\n\n<li>Profissionais da sa\u00fade e cuidadores<\/li>\n<\/ul>\n\n\n\n<p class=\"has-white-color has-text-color has-background has-link-color wp-elements-dee5d3cb4aedffdfc9715bbe28584b7e\" style=\"background-color:#ba9317\"><strong>QUAL O TRATAMENTO?<\/strong><\/p>\n\n\n\n<p><strong>Hidrata\u00e7\u00e3o<\/strong> e<strong> repouso<\/strong> s\u00e3o fundamentais<strong>. Evite automedica\u00e7\u00e3o!<\/strong>&nbsp; Antibi\u00f3ticos n\u00e3o t\u00eam efeito sobre v\u00edrus e o uso inadequado pode gerar resist\u00eancia bacteriana.<\/p>\n\n\n\n<p class=\"has-white-color has-text-color has-background has-link-color wp-elements-cffc383f84b4562e30a55923ffcedaec\" style=\"background-color:#ba9317\"><strong>E A PREVEN\u00c7\u00c3O?<\/strong><\/p>\n\n\n\n<p>As formas indicadas para preven\u00e7\u00e3o s\u00e3o:<\/p>\n\n\n\n<ul class=\"wp-block-list\">\n<li><strong>Vacine-se <\/strong>anualmente!<\/li>\n\n\n\n<li>Lave bem as m\u00e3os com frequ\u00eancia.<\/li>\n\n\n\n<li>Cubra boca e nariz ao tossir.<\/li>\n\n\n\n<li>Evite aglomera\u00e7\u00f5es em per\u00edodos de surto.<\/li>\n\n\n\n<li>Mantenha os ambientes ventilados.<\/li>\n<\/ul>\n\n\n\n<p>Atualmente, \u00e9 comum nas m\u00eddias sociais circularem alguns mitos acerca do v\u00edrus, o que faz a popula\u00e7\u00e3o tomar medidas erradas acerca do tratamento. Saiba alguns deles:<\/p>\n\n\n\n<p>\u274c\u201cA vacina da gripe causa gripe.\u201d<\/p>\n\n\n\n<p>\u2705A vacina cont\u00e9m v\u00edrus inativados (mortos), incapazes de causar a doen\u00e7a.<\/p>\n\n\n\n<p>\u274c\u201cGripe \u00e9 sempre uma doen\u00e7a leve.\u201d<\/p>\n\n\n\n<p>\u2705A maioria dos casos \u00e9 leve, mas a influenza pode causar complica\u00e7\u00f5es graves e at\u00e9 \u00f3bito, especialmente em pessoas com comorbidades.<\/p>\n\n\n\n<p>\u274c\u201cS\u00f3 preciso me vacinar uma vez na vida.\u201d<\/p>\n\n\n\n<p>\u2705Como o v\u00edrus sofre muta\u00e7\u00f5es, \u00e9 necess\u00e1rio se vacinar todos os anos.<\/p>\n\n\n\n<p>N\u00e3o deixe que a desinforma\u00e7\u00e3o aumente os riscos! Vacine-se, siga as medidas de preven\u00e7\u00e3o e compartilhe estas orienta\u00e7\u00f5es com sua fam\u00edlia e amigos. Com uni\u00e3o, podemos reduzir os casos de influenza e proteger a comunidade!<\/p>\n\n\n\n<p><\/p>","protected":false},"excerpt":{"rendered":"<p>A influenza, tamb\u00e9m conhecida como gripe, \u00e9 uma infec\u00e7\u00e3o viral respirat\u00f3ria que circula todos os anos e pode causar, desde quadros leves, at\u00e9 complica\u00e7\u00f5es graves. Apesar de ser uma doen\u00e7a comum, muitos mitos ainda se espalham sobre o v\u00edrus, o que pode gerar desinforma\u00e7\u00e3o e dificultar as a\u00e7\u00f5es de preven\u00e7\u00e3o. Democratizar o conhecimento cient\u00edfico \u00e9 fundamental para fortalecer a sa\u00fade p\u00fablica e promover atitudes conscientes. O&hellip;<\/p>\n<p> <a class=\"more-link\" href=\"https:\/\/sds.unb.br\/es\/desmistificando-a-influenza\/\">Leer m\u00e1s<\/a><\/p>","protected":false},"author":28,"featured_media":38786,"comment_status":"open","ping_status":"open","sticky":false,"template":"","format":"standard","meta":{"footnotes":""},"categories":[156],"tags":[62],"tnc_tax_1420":[],"class_list":{"0":"post-38568","1":"post","2":"type-post","3":"status-publish","4":"format-standard","5":"has-post-thumbnail","7":"category-noticias","8":"tag-noticias"},"views":189,"_links":{"self":[{"href":"https:\/\/sds.unb.br\/es\/wp-json\/wp\/v2\/posts\/38568","targetHints":{"allow":["GET"]}}],"collection":[{"href":"https:\/\/sds.unb.br\/es\/wp-json\/wp\/v2\/posts"}],"about":[{"href":"https:\/\/sds.unb.br\/es\/wp-json\/wp\/v2\/types\/post"}],"author":[{"embeddable":true,"href":"https:\/\/sds.unb.br\/es\/wp-json\/wp\/v2\/users\/28"}],"replies":[{"embeddable":true,"href":"https:\/\/sds.unb.br\/es\/wp-json\/wp\/v2\/comments?post=38568"}],"version-history":[{"count":1,"href":"https:\/\/sds.unb.br\/es\/wp-json\/wp\/v2\/posts\/38568\/revisions"}],"predecessor-version":[{"id":38571,"href":"https:\/\/sds.unb.br\/es\/wp-json\/wp\/v2\/posts\/38568\/revisions\/38571"}],"wp:featuredmedia":[{"embeddable":true,"href":"https:\/\/sds.unb.br\/es\/wp-json\/wp\/v2\/media\/38786"}],"wp:attachment":[{"href":"https:\/\/sds.unb.br\/es\/wp-json\/wp\/v2\/media?parent=38568"}],"wp:term":[{"taxonomy":"category","embeddable":true,"href":"https:\/\/sds.unb.br\/es\/wp-json\/wp\/v2\/categories?post=38568"},{"taxonomy":"post_tag","embeddable":true,"href":"https:\/\/sds.unb.br\/es\/wp-json\/wp\/v2\/tags?post=38568"},{"taxonomy":"tnc_tax_1420","embeddable":true,"href":"https:\/\/sds.unb.br\/es\/wp-json\/wp\/v2\/tnc_tax_1420?post=38568"}],"curies":[{"name":"wp","href":"https:\/\/api.w.org\/{rel}","templated":true}]}}