{"id":38382,"date":"2025-10-08T17:00:00","date_gmt":"2025-10-08T20:00:00","guid":{"rendered":"https:\/\/sds.unb.br\/?p=38382"},"modified":"2025-10-14T15:49:10","modified_gmt":"2025-10-14T18:49:10","slug":"campanha-de-vacinacao-contra-a-gripe-no-df-aplica-mais-de-500-mil-doses","status":"publish","type":"post","link":"https:\/\/sds.unb.br\/es\/campanha-de-vacinacao-contra-a-gripe-no-df-aplica-mais-de-500-mil-doses\/","title":{"rendered":"Campanha de Vacina\u00e7\u00e3o Contra a Gripe no DF Aplica Mais de 500 Mil Doses"},"content":{"rendered":"<p>O Distrito Federal superou a marca de 500 mil doses aplicadas contra a gripe at\u00e9 setembro, alcan\u00e7ando pouco mais de 30% do p\u00fablico-alvo. Desse total, cerca de 350 mil pertencem aos grupos priorit\u00e1rios, como idosos, crian\u00e7as, gestantes, profissionais da sa\u00fade, ind\u00edgenas e pessoas com comorbidades.<\/p>\n\n\n\n<p>Entre gestantes, idosos e crian\u00e7as de 6 meses a 6 anos, foram aplicadas aproximadamente 314 mil doses \u2014 cobertura ainda distante da meta de 90% definida pelo Minist\u00e9rio da Sa\u00fade.<\/p>\n\n\n\n<p>De acordo com Tereza Pereira, gerente da Rede de Frio da Secretaria de Sa\u00fade do DF (SES-DF), diversas estrat\u00e9gias est\u00e3o sendo adotadas para ampliar o alcance da campanha. As a\u00e7\u00f5es incluem o funcionamento de Unidades B\u00e1sicas de Sa\u00fade (UBSs) em hor\u00e1rio estendido, vacina\u00e7\u00e3o em escolas, unidades m\u00f3veis de imuniza\u00e7\u00e3o, abertura de novas UBSs e atividades aos fins de semana em locais de grande circula\u00e7\u00e3o.<\/p>\n\n\n\n<p>Pereira refor\u00e7a a import\u00e2ncia da ades\u00e3o dos grupos priorit\u00e1rios, que apresentam maior risco de complica\u00e7\u00f5es e interna\u00e7\u00f5es. Atualmente, mais de 170 UBSs no DF oferecem a vacina contra a gripe gratuitamente.<\/p>\n\n\n\n<p>Grupos priorit\u00e1rios de vacina\u00e7\u00e3o da gripe<\/p>\n\n\n\n<p>A vacina\u00e7\u00e3o \u00e9 recomendada para mais de 20 grupos priorit\u00e1rios, com foco especial em:<\/p>\n\n\n\n<ul class=\"wp-block-list\">\n<li>Crian\u00e7as de 6 meses a menores de 6 anos (5 anos, 11 meses e 29 dias):<\/li>\n\n\n\n<li>Gestantes e pu\u00e9rperas;<\/li>\n\n\n\n<li>Idoso com 60 anos ou mais;<\/li>\n\n\n\n<li>Trabalhadores da sa\u00fade e professores das escolas p\u00fablicas e privadas;<\/li>\n\n\n\n<li>Trabalhadores dos Correios;<\/li>\n\n\n\n<li>Trabalhadores portu\u00e1rios;<\/li>\n\n\n\n<li>Povos ind\u00edgenas e quilombolas;<\/li>\n\n\n\n<li>Pessoas com comorbidades, outras condi\u00e7\u00f5es especiais e defici\u00eancia permanente;<\/li>\n\n\n\n<li>Caminhoneiros e trabalhadores do transporte coletivo;<\/li>\n\n\n\n<li>Profissionais das For\u00e7as Armadas, seguran\u00e7a e salvamento;<\/li>\n\n\n\n<li>Pessoas em situa\u00e7\u00e3o de rua;<\/li>\n\n\n\n<li>Popula\u00e7\u00e3o privada de liberdade, adolescentes e jovens em medida socioeducativa e funcion\u00e1rios do Sistema Prisional.<\/li>\n<\/ul>\n\n\n\n<p>Saiba mais em: <a href=\"https:\/\/www.saude.df.gov.br\/w\/df-ultrapassa-500-mil-doses-aplicadas-contra-a-gripe\">https:\/\/www.saude.df.gov.br\/w\/df-ultrapassa-500-mil-doses-aplicadas-contra-a-gripe<\/a><\/p>\n\n\n\n<hr class=\"wp-block-separator has-alpha-channel-opacity\"\/>\n\n\n\n<p><\/p>","protected":false},"excerpt":{"rendered":"<p>O Distrito Federal superou a marca de 500 mil doses aplicadas contra a gripe at\u00e9 setembro, alcan\u00e7ando pouco mais de 30% do p\u00fablico-alvo. Desse total, cerca de 350 mil pertencem aos grupos priorit\u00e1rios, como idosos, crian\u00e7as, gestantes, profissionais da sa\u00fade, ind\u00edgenas e pessoas com comorbidades. Entre gestantes, idosos e crian\u00e7as de 6 meses a 6 anos, foram aplicadas aproximadamente 314 mil doses \u2014 cobertura ainda distante&hellip;<\/p>\n<p> <a class=\"more-link\" href=\"https:\/\/sds.unb.br\/es\/campanha-de-vacinacao-contra-a-gripe-no-df-aplica-mais-de-500-mil-doses\/\">Leer m\u00e1s<\/a><\/p>","protected":false},"author":28,"featured_media":38787,"comment_status":"open","ping_status":"open","sticky":false,"template":"","format":"standard","meta":{"footnotes":""},"categories":[156,210],"tags":[103,62],"tnc_tax_1420":[],"class_list":{"0":"post-38382","1":"post","2":"type-post","3":"status-publish","4":"format-standard","5":"has-post-thumbnail","7":"category-noticias","8":"category-sem-categoria-pt","9":"tag-destaque","10":"tag-noticias"},"views":193,"_links":{"self":[{"href":"https:\/\/sds.unb.br\/es\/wp-json\/wp\/v2\/posts\/38382","targetHints":{"allow":["GET"]}}],"collection":[{"href":"https:\/\/sds.unb.br\/es\/wp-json\/wp\/v2\/posts"}],"about":[{"href":"https:\/\/sds.unb.br\/es\/wp-json\/wp\/v2\/types\/post"}],"author":[{"embeddable":true,"href":"https:\/\/sds.unb.br\/es\/wp-json\/wp\/v2\/users\/28"}],"replies":[{"embeddable":true,"href":"https:\/\/sds.unb.br\/es\/wp-json\/wp\/v2\/comments?post=38382"}],"version-history":[{"count":2,"href":"https:\/\/sds.unb.br\/es\/wp-json\/wp\/v2\/posts\/38382\/revisions"}],"predecessor-version":[{"id":38788,"href":"https:\/\/sds.unb.br\/es\/wp-json\/wp\/v2\/posts\/38382\/revisions\/38788"}],"wp:featuredmedia":[{"embeddable":true,"href":"https:\/\/sds.unb.br\/es\/wp-json\/wp\/v2\/media\/38787"}],"wp:attachment":[{"href":"https:\/\/sds.unb.br\/es\/wp-json\/wp\/v2\/media?parent=38382"}],"wp:term":[{"taxonomy":"category","embeddable":true,"href":"https:\/\/sds.unb.br\/es\/wp-json\/wp\/v2\/categories?post=38382"},{"taxonomy":"post_tag","embeddable":true,"href":"https:\/\/sds.unb.br\/es\/wp-json\/wp\/v2\/tags?post=38382"},{"taxonomy":"tnc_tax_1420","embeddable":true,"href":"https:\/\/sds.unb.br\/es\/wp-json\/wp\/v2\/tnc_tax_1420?post=38382"}],"curies":[{"name":"wp","href":"https:\/\/api.w.org\/{rel}","templated":true}]}}