{"id":38340,"date":"2025-09-29T19:46:41","date_gmt":"2025-09-29T22:46:41","guid":{"rendered":"https:\/\/sds.unb.br\/?p=38340"},"modified":"2025-10-14T15:52:19","modified_gmt":"2025-10-14T18:52:19","slug":"noticias-semanais-anvisa-alerta-paracetamol-nao-causa-autismo","status":"publish","type":"post","link":"https:\/\/sds.unb.br\/es\/noticias-semanais-anvisa-alerta-paracetamol-nao-causa-autismo\/","title":{"rendered":"Not\u00edcias Semanais \u2014 ANVISA Alerta: Paracetamol N\u00e3o Causa Autismo"},"content":{"rendered":"<p>A Ag\u00eancia Nacional de Vigil\u00e2ncia Sanit\u00e1ria (Anvisa) emitiu uma nota importante para toda a popula\u00e7\u00e3o: N\u00e3o h\u00e1 registros ou comprova\u00e7\u00e3o cient\u00edfica no Brasil que estabele\u00e7am uma rela\u00e7\u00e3o entre o uso de paracetamol e o desenvolvimento do Transtorno do Espectro Autista (TEA).<\/p>\n\n\n\n<p class=\"has-text-align-left\">O tema ganhou destaque ap\u00f3s debates internacionais, mas a posi\u00e7\u00e3o das autoridades brasileiras \u00e9 clara. <strong>A Anvisa e a Organiza\u00e7\u00e3o Mundial da Sa\u00fade (OMS)<\/strong> refor\u00e7am que o analg\u00e9sico  continua sendo considerado seguro e eficaz, conforme os crit\u00e9rios de registro no pa\u00eds. <\/p>\n\n\n\n<p class=\"has-text-align-left\">\u00c9 importante ressaltar que os medicamentos s\u00e3o classificados pela FDA (Food and Drug Administration) de acordo com seu n\u00edvel de seguran\u00e7a para consumo de gestantes, considerando a sa\u00fade da m\u00e3e e do feto, com base na disponibilidade de <strong>estudos c\u00edentificos de alta qualidade e evid\u00eancias<\/strong>. As classes dividem-se em A, B, C, D e X, de maior \u00e0 menor seguran\u00e7a, respectivamente. O Paracetamol \u00e9 um f\u00e1rmaco de <strong>classe B,<\/strong> ou seja, seu uso \u00e9 considerado seguro quando prescrito por um profissional de sa\u00fade, devendo sempre ser utilizado com cautela.<\/p>\n\n\n\n<h2 class=\"wp-block-heading has-text-align-left\"><strong>E o Autismo?<\/strong><\/h2>\n\n\n\n<p>O Autismo \u00e9 um dist\u00farbio do Neurodesenvolvimento de <strong>origem complexa<\/strong> e <strong>multifatorial<\/strong>. Isso significa que a condi\u00e7\u00e3o \u00e9 atribu\u00edda a diversos fatores, como a <strong>carga gen\u00e9tica<\/strong>. Quanto ao paracetamol, n\u00e3o h\u00e1 comprova\u00e7\u00e3o cient\u00edfica da rela\u00e7\u00e3o de casualidade entre o TEA e o seu uso.<\/p>\n\n\n\n<p><\/p>","protected":false},"excerpt":{"rendered":"<p>A Ag\u00eancia Nacional de Vigil\u00e2ncia Sanit\u00e1ria (Anvisa) emitiu uma nota importante para toda a popula\u00e7\u00e3o: N\u00e3o h\u00e1 registros ou comprova\u00e7\u00e3o cient\u00edfica no Brasil que estabele\u00e7am uma rela\u00e7\u00e3o entre o uso de paracetamol e o desenvolvimento do Transtorno do Espectro Autista (TEA)<\/p>\n<p> <a class=\"more-link\" href=\"https:\/\/sds.unb.br\/es\/noticias-semanais-anvisa-alerta-paracetamol-nao-causa-autismo\/\">Leer m\u00e1s<\/a><\/p>","protected":false},"author":28,"featured_media":38791,"comment_status":"open","ping_status":"open","sticky":false,"template":"","format":"standard","meta":{"footnotes":""},"categories":[156],"tags":[438,439,62,437],"tnc_tax_1420":[],"class_list":{"0":"post-38340","1":"post","2":"type-post","3":"status-publish","4":"format-standard","5":"has-post-thumbnail","7":"category-noticias","8":"tag-anvisa-2","9":"tag-autismo","10":"tag-noticias","11":"tag-tea-2"},"views":431,"_links":{"self":[{"href":"https:\/\/sds.unb.br\/es\/wp-json\/wp\/v2\/posts\/38340","targetHints":{"allow":["GET"]}}],"collection":[{"href":"https:\/\/sds.unb.br\/es\/wp-json\/wp\/v2\/posts"}],"about":[{"href":"https:\/\/sds.unb.br\/es\/wp-json\/wp\/v2\/types\/post"}],"author":[{"embeddable":true,"href":"https:\/\/sds.unb.br\/es\/wp-json\/wp\/v2\/users\/28"}],"replies":[{"embeddable":true,"href":"https:\/\/sds.unb.br\/es\/wp-json\/wp\/v2\/comments?post=38340"}],"version-history":[{"count":4,"href":"https:\/\/sds.unb.br\/es\/wp-json\/wp\/v2\/posts\/38340\/revisions"}],"predecessor-version":[{"id":38353,"href":"https:\/\/sds.unb.br\/es\/wp-json\/wp\/v2\/posts\/38340\/revisions\/38353"}],"wp:featuredmedia":[{"embeddable":true,"href":"https:\/\/sds.unb.br\/es\/wp-json\/wp\/v2\/media\/38791"}],"wp:attachment":[{"href":"https:\/\/sds.unb.br\/es\/wp-json\/wp\/v2\/media?parent=38340"}],"wp:term":[{"taxonomy":"category","embeddable":true,"href":"https:\/\/sds.unb.br\/es\/wp-json\/wp\/v2\/categories?post=38340"},{"taxonomy":"post_tag","embeddable":true,"href":"https:\/\/sds.unb.br\/es\/wp-json\/wp\/v2\/tags?post=38340"},{"taxonomy":"tnc_tax_1420","embeddable":true,"href":"https:\/\/sds.unb.br\/es\/wp-json\/wp\/v2\/tnc_tax_1420?post=38340"}],"curies":[{"name":"wp","href":"https:\/\/api.w.org\/{rel}","templated":true}]}}