{"id":38191,"date":"2025-06-26T17:53:41","date_gmt":"2025-06-26T20:53:41","guid":{"rendered":"https:\/\/sds.unb.br\/?p=38191"},"modified":"2025-06-26T17:54:29","modified_gmt":"2025-06-26T20:54:29","slug":"chamada-publica-2-2025-processo-seletivo-simplificado-de-bolsista","status":"publish","type":"post","link":"https:\/\/sds.unb.br\/es\/chamada-publica-2-2025-processo-seletivo-simplificado-de-bolsista\/","title":{"rendered":"CHAMADA P\u00daBLICA 2\/2025 PROCESSO SELETIVO SIMPLIFICADO DE BOLSISTA"},"content":{"rendered":"<p class=\"has-text-align-left has-medium-font-size\">A Sala de Situa\u00e7\u00e3o de Sa\u00fade (SDS), vinculado ao Departamento de Sa\u00fade Coletiva da<br>Faculdade de Sa\u00fade da Universidade de Bras\u00edlia (FS\/UnB), torna p\u00fablico o edital de<br>sele\u00e7\u00e3o para extensionistas no projeto &#8220;Mobiliza\u00e7\u00e3o de Recursos Humanos em Sa\u00fade:<br>Estrat\u00e9gia de Preparo para a Resposta a Emerg\u00eancias de Sa\u00fade P\u00fablica&#8221;.<br>Vagas dispon\u00edveis: Sa\u00fade e Comunica\u00e7\u00e3o.<br>Per\u00edodo de inscri\u00e7\u00f5es: de 30 de junho a 14 de julho de 2025.<br>Os interessados devem acessar o edital completo para obter todas as informa\u00e7\u00f5es sobre o<br>processo seletivo e crit\u00e9rios de participa\u00e7\u00e3o.<br>Em caso de d\u00favidas ou para informa\u00e7\u00f5es adicionais, entre em contato pelo e-mail:<br>mob.recursoshumanos.sds@gmail.com<\/p>\n\n\n\n<div data-wp-interactive=\"core\/file\" class=\"wp-block-file\"><object data-wp-bind--hidden=\"!state.hasPdfPreview\" hidden class=\"wp-block-file__embed\" data=\"https:\/\/sds.unb.br\/wp-content\/uploads\/2025\/06\/EditalMBRHS2_2025_docx.pdf\" type=\"application\/pdf\" style=\"width:100%;height:600px\" aria-label=\"Incrustado de Edital+MBRHS+2_2025_docx.\"><\/object><a id=\"wp-block-file--media-eeaac0bc-d729-4e54-ac91-9b09e55f5173\" href=\"https:\/\/sds.unb.br\/wp-content\/uploads\/2025\/06\/EditalMBRHS2_2025_docx.pdf\">Edital+MBRHS+2_2025_docx<\/a><a href=\"https:\/\/sds.unb.br\/wp-content\/uploads\/2025\/06\/EditalMBRHS2_2025_docx.pdf\" class=\"wp-block-file__button wp-element-button\" download aria-describedby=\"wp-block-file--media-eeaac0bc-d729-4e54-ac91-9b09e55f5173\">Baixar<\/a><\/div>","protected":false},"excerpt":{"rendered":"<p>A Sala de Situa\u00e7\u00e3o de Sa\u00fade (SDS), vinculado ao Departamento de Sa\u00fade Coletiva daFaculdade de Sa\u00fade da Universidade de Bras\u00edlia (FS\/UnB), torna p\u00fablico o edital desele\u00e7\u00e3o para extensionistas no projeto &#8220;Mobiliza\u00e7\u00e3o de Recursos Humanos em Sa\u00fade:Estrat\u00e9gia de Preparo para a Resposta a Emerg\u00eancias de Sa\u00fade P\u00fablica&#8221;.Vagas dispon\u00edveis: Sa\u00fade e Comunica\u00e7\u00e3o.Per\u00edodo de inscri\u00e7\u00f5es: de 30 de junho a 14 de julho de 2025.Os interessados devem acessar o&hellip;<\/p>\n<p> <a class=\"more-link\" href=\"https:\/\/sds.unb.br\/es\/chamada-publica-2-2025-processo-seletivo-simplificado-de-bolsista\/\">Leer m\u00e1s<\/a><\/p>","protected":false},"author":39,"featured_media":34983,"comment_status":"open","ping_status":"open","sticky":false,"template":"","format":"standard","meta":{"footnotes":""},"categories":[188,156],"tags":[103,62],"tnc_tax_1420":[],"class_list":{"0":"post-38191","1":"post","2":"type-post","3":"status-publish","4":"format-standard","5":"has-post-thumbnail","7":"category-editais","8":"category-noticias","9":"tag-destaque","10":"tag-noticias"},"views":592,"_links":{"self":[{"href":"https:\/\/sds.unb.br\/es\/wp-json\/wp\/v2\/posts\/38191","targetHints":{"allow":["GET"]}}],"collection":[{"href":"https:\/\/sds.unb.br\/es\/wp-json\/wp\/v2\/posts"}],"about":[{"href":"https:\/\/sds.unb.br\/es\/wp-json\/wp\/v2\/types\/post"}],"author":[{"embeddable":true,"href":"https:\/\/sds.unb.br\/es\/wp-json\/wp\/v2\/users\/39"}],"replies":[{"embeddable":true,"href":"https:\/\/sds.unb.br\/es\/wp-json\/wp\/v2\/comments?post=38191"}],"version-history":[{"count":2,"href":"https:\/\/sds.unb.br\/es\/wp-json\/wp\/v2\/posts\/38191\/revisions"}],"predecessor-version":[{"id":38194,"href":"https:\/\/sds.unb.br\/es\/wp-json\/wp\/v2\/posts\/38191\/revisions\/38194"}],"wp:featuredmedia":[{"embeddable":true,"href":"https:\/\/sds.unb.br\/es\/wp-json\/wp\/v2\/media\/34983"}],"wp:attachment":[{"href":"https:\/\/sds.unb.br\/es\/wp-json\/wp\/v2\/media?parent=38191"}],"wp:term":[{"taxonomy":"category","embeddable":true,"href":"https:\/\/sds.unb.br\/es\/wp-json\/wp\/v2\/categories?post=38191"},{"taxonomy":"post_tag","embeddable":true,"href":"https:\/\/sds.unb.br\/es\/wp-json\/wp\/v2\/tags?post=38191"},{"taxonomy":"tnc_tax_1420","embeddable":true,"href":"https:\/\/sds.unb.br\/es\/wp-json\/wp\/v2\/tnc_tax_1420?post=38191"}],"curies":[{"name":"wp","href":"https:\/\/api.w.org\/{rel}","templated":true}]}}