{"id":37682,"date":"2025-04-07T19:17:07","date_gmt":"2025-04-07T22:17:07","guid":{"rendered":"https:\/\/sds.unb.br\/?p=37682"},"modified":"2025-04-07T19:17:09","modified_gmt":"2025-04-07T22:17:09","slug":"edital-gds","status":"publish","type":"post","link":"https:\/\/sds.unb.br\/es\/edital-gds\/","title":{"rendered":"Edital GDS"},"content":{"rendered":"<p>A Coordena\u00e7\u00e3o do Projeto de Pesquisa \u201cGuardi\u00f5es da Sa\u00fade&#8221; do Departamento de Sa\u00fade Coletiva da Faculdade de Sa\u00fade da Universidade de Bras\u00edlia (DSC\/FS\/UnB) torna p\u00fablica a presente chamada para sele\u00e7\u00e3o de tutores.<\/p>\n\n\n\n<div data-wp-interactive=\"core\/file\" class=\"wp-block-file\"><object data-wp-bind--hidden=\"!state.hasPdfPreview\" hidden class=\"wp-block-file__embed\" data=\"https:\/\/sds.unb.br\/wp-content\/uploads\/2025\/04\/EDITAL-GUARDIOES-DA-SAUDE.pdf\" type=\"application\/pdf\" style=\"width:100%;height:600px\" aria-label=\"Incrustado de EDITAL GUARDIO\u0303ES DA SAU\u0301DE.\"><\/object><a id=\"wp-block-file--media-cd40ee18-eaf2-4323-9049-83b4938ffe4c\" href=\"https:\/\/sds.unb.br\/wp-content\/uploads\/2025\/04\/EDITAL-GUARDIOES-DA-SAUDE.pdf\">EDITAL GUARDIO\u0303ES DA SAU\u0301DE<\/a><a href=\"https:\/\/sds.unb.br\/wp-content\/uploads\/2025\/04\/EDITAL-GUARDIOES-DA-SAUDE.pdf\" class=\"wp-block-file__button wp-element-button\" download aria-describedby=\"wp-block-file--media-cd40ee18-eaf2-4323-9049-83b4938ffe4c\">Baixar<\/a><\/div>\n\n\n\n<p><\/p>\n\n\n\n<p><a href=\"https:\/\/forms.gle\/u6WSzfZRfdCG4v8m6\">https:\/\/forms.gle\/u6WSzfZRfdCG4v8m6<\/a><\/p>","protected":false},"excerpt":{"rendered":"<p>A Coordena\u00e7\u00e3o do Projeto de Pesquisa \u201cGuardi\u00f5es da Sa\u00fade&#8221; do Departamento de Sa\u00fade Coletiva da Faculdade de Sa\u00fade da Universidade de Bras\u00edlia (DSC\/FS\/UnB) torna p\u00fablica a presente chamada para sele\u00e7\u00e3o de tutores. https:\/\/forms.gle\/u6WSzfZRfdCG4v8m6<\/p>","protected":false},"author":39,"featured_media":34982,"comment_status":"open","ping_status":"open","sticky":false,"template":"","format":"standard","meta":{"footnotes":""},"categories":[188,156],"tags":[103,62],"tnc_tax_1420":[],"class_list":{"0":"post-37682","1":"post","2":"type-post","3":"status-publish","4":"format-standard","5":"has-post-thumbnail","7":"category-editais","8":"category-noticias","9":"tag-destaque","10":"tag-noticias"},"views":521,"_links":{"self":[{"href":"https:\/\/sds.unb.br\/es\/wp-json\/wp\/v2\/posts\/37682","targetHints":{"allow":["GET"]}}],"collection":[{"href":"https:\/\/sds.unb.br\/es\/wp-json\/wp\/v2\/posts"}],"about":[{"href":"https:\/\/sds.unb.br\/es\/wp-json\/wp\/v2\/types\/post"}],"author":[{"embeddable":true,"href":"https:\/\/sds.unb.br\/es\/wp-json\/wp\/v2\/users\/39"}],"replies":[{"embeddable":true,"href":"https:\/\/sds.unb.br\/es\/wp-json\/wp\/v2\/comments?post=37682"}],"version-history":[{"count":1,"href":"https:\/\/sds.unb.br\/es\/wp-json\/wp\/v2\/posts\/37682\/revisions"}],"predecessor-version":[{"id":37684,"href":"https:\/\/sds.unb.br\/es\/wp-json\/wp\/v2\/posts\/37682\/revisions\/37684"}],"wp:featuredmedia":[{"embeddable":true,"href":"https:\/\/sds.unb.br\/es\/wp-json\/wp\/v2\/media\/34982"}],"wp:attachment":[{"href":"https:\/\/sds.unb.br\/es\/wp-json\/wp\/v2\/media?parent=37682"}],"wp:term":[{"taxonomy":"category","embeddable":true,"href":"https:\/\/sds.unb.br\/es\/wp-json\/wp\/v2\/categories?post=37682"},{"taxonomy":"post_tag","embeddable":true,"href":"https:\/\/sds.unb.br\/es\/wp-json\/wp\/v2\/tags?post=37682"},{"taxonomy":"tnc_tax_1420","embeddable":true,"href":"https:\/\/sds.unb.br\/es\/wp-json\/wp\/v2\/tnc_tax_1420?post=37682"}],"curies":[{"name":"wp","href":"https:\/\/api.w.org\/{rel}","templated":true}]}}