{"id":37475,"date":"2025-03-17T16:57:18","date_gmt":"2025-03-17T19:57:18","guid":{"rendered":"https:\/\/sds.unb.br\/?p=37475"},"modified":"2025-03-17T16:59:54","modified_gmt":"2025-03-17T19:59:54","slug":"edital-de-selecao-de-extensao","status":"publish","type":"post","link":"https:\/\/sds.unb.br\/es\/edital-de-selecao-de-extensao\/","title":{"rendered":"Edital de Sele\u00e7\u00e3o de Extens\u00e3o"},"content":{"rendered":"<p>\ud83d\udce2 <em>EDITAL DE SELE\u00c7\u00c3O DE EXTENS\u00c3O NO PROJETO &#8220;Mobiliza\u00e7\u00e3o de Recursos Humanos em Sa\u00fade: Estrat\u00e9gia de Prepara\u00e7\u00e3o para a Resposta a Emerg\u00eancias de Sa\u00fade P\u00fablica\u201d<\/em><\/p>\n\n\n\n<p>A Coordena\u00e7\u00e3o do Programa de Extens\u00e3o \u201cSala de Situa\u00e7\u00e3o de Sa\u00fade\u201d (SDS), do Departamento de Sa\u00fade Coletiva da Faculdade de Sa\u00fade da Universidade de Bras\u00edlia (FS\/UnB), torna p\u00fablico o presente edital para a sele\u00e7\u00e3o de estudantes para atuarem como bolsista e volunt\u00e1rios de extens\u00e3o no projeto &#8220;Mobiliza\u00e7\u00e3o de Recursos Humanos em Sa\u00fade: Estrat\u00e9gia de Prepara\u00e7\u00e3o para a Resposta a Emerg\u00eancias de Sa\u00fade P\u00fablica&#8221; .<\/p>\n\n\n\n<p>\ud83d\udd0d VAGAS DISPON\u00cdVEIS:<\/p>\n\n\n\n<p>\u2705Gestor de Projeto Jr.<br>\u2705Coordenador de Eventos<br>\u2705Gestor de Comunica\u00e7\u00e3o<\/p>\n\n\n\n<p>\ud83d\udcc5 <em>INSCRI\u00c7\u00d5ES:<\/em><\/p>\n\n\n\n<ul class=\"wp-block-list\">\n<li>Per\u00edodo de inscri\u00e7\u00e3o: <em>17\/03\/2025 a 24\/03\/2025<\/em><\/li>\n<\/ul>\n\n\n\n<p>\ud83d\udccc Acesse o edital completo e saiba mais:<\/p>\n\n\n\n<div data-wp-interactive=\"core\/file\" class=\"wp-block-file\"><object data-wp-bind--hidden=\"!state.hasPdfPreview\" hidden class=\"wp-block-file__embed\" data=\"https:\/\/sds.unb.br\/wp-content\/uploads\/2025\/03\/Edital-MBRHS-1_2025.pdf\" type=\"application\/pdf\" style=\"width:100%;height:600px\" aria-label=\"Incrustado de Edital MBRHS 1_2025.\"><\/object><a id=\"wp-block-file--media-503236ec-388a-4f08-9405-645225568b7b\" href=\"https:\/\/sds.unb.br\/wp-content\/uploads\/2025\/03\/Edital-MBRHS-1_2025.pdf\">Edital MBRHS 1_2025<\/a><a href=\"https:\/\/sds.unb.br\/wp-content\/uploads\/2025\/03\/Edital-MBRHS-1_2025.pdf\" class=\"wp-block-file__button wp-element-button\" download aria-describedby=\"wp-block-file--media-503236ec-388a-4f08-9405-645225568b7b\">Baixar<\/a><\/div>","protected":false},"excerpt":{"rendered":"<p>\ud83d\udce2 EDITAL DE SELE\u00c7\u00c3O DE EXTENS\u00c3O NO PROJETO &#8220;Mobiliza\u00e7\u00e3o de Recursos Humanos em Sa\u00fade: Estrat\u00e9gia de Prepara\u00e7\u00e3o para a Resposta a Emerg\u00eancias de Sa\u00fade P\u00fablica\u201d A Coordena\u00e7\u00e3o do Programa de Extens\u00e3o \u201cSala de Situa\u00e7\u00e3o de Sa\u00fade\u201d (SDS), do Departamento de Sa\u00fade Coletiva da Faculdade de Sa\u00fade da Universidade de Bras\u00edlia (FS\/UnB), torna p\u00fablico o presente edital para a sele\u00e7\u00e3o de estudantes para atuarem como bolsista e&hellip;<\/p>\n<p> <a class=\"more-link\" href=\"https:\/\/sds.unb.br\/es\/edital-de-selecao-de-extensao\/\">Leer m\u00e1s<\/a><\/p>","protected":false},"author":39,"featured_media":34983,"comment_status":"open","ping_status":"open","sticky":false,"template":"","format":"standard","meta":{"footnotes":""},"categories":[156],"tags":[103,62],"tnc_tax_1420":[],"class_list":{"0":"post-37475","1":"post","2":"type-post","3":"status-publish","4":"format-standard","5":"has-post-thumbnail","7":"category-noticias","8":"tag-destaque","9":"tag-noticias"},"views":659,"_links":{"self":[{"href":"https:\/\/sds.unb.br\/es\/wp-json\/wp\/v2\/posts\/37475","targetHints":{"allow":["GET"]}}],"collection":[{"href":"https:\/\/sds.unb.br\/es\/wp-json\/wp\/v2\/posts"}],"about":[{"href":"https:\/\/sds.unb.br\/es\/wp-json\/wp\/v2\/types\/post"}],"author":[{"embeddable":true,"href":"https:\/\/sds.unb.br\/es\/wp-json\/wp\/v2\/users\/39"}],"replies":[{"embeddable":true,"href":"https:\/\/sds.unb.br\/es\/wp-json\/wp\/v2\/comments?post=37475"}],"version-history":[{"count":1,"href":"https:\/\/sds.unb.br\/es\/wp-json\/wp\/v2\/posts\/37475\/revisions"}],"predecessor-version":[{"id":37477,"href":"https:\/\/sds.unb.br\/es\/wp-json\/wp\/v2\/posts\/37475\/revisions\/37477"}],"wp:featuredmedia":[{"embeddable":true,"href":"https:\/\/sds.unb.br\/es\/wp-json\/wp\/v2\/media\/34983"}],"wp:attachment":[{"href":"https:\/\/sds.unb.br\/es\/wp-json\/wp\/v2\/media?parent=37475"}],"wp:term":[{"taxonomy":"category","embeddable":true,"href":"https:\/\/sds.unb.br\/es\/wp-json\/wp\/v2\/categories?post=37475"},{"taxonomy":"post_tag","embeddable":true,"href":"https:\/\/sds.unb.br\/es\/wp-json\/wp\/v2\/tags?post=37475"},{"taxonomy":"tnc_tax_1420","embeddable":true,"href":"https:\/\/sds.unb.br\/es\/wp-json\/wp\/v2\/tnc_tax_1420?post=37475"}],"curies":[{"name":"wp","href":"https:\/\/api.w.org\/{rel}","templated":true}]}}