{"id":37010,"date":"2025-02-07T15:00:20","date_gmt":"2025-02-07T18:00:20","guid":{"rendered":"https:\/\/sds.unb.br\/?p=37010"},"modified":"2025-02-07T15:00:21","modified_gmt":"2025-02-07T18:00:21","slug":"resultado-de-selecao-de-bolsistas","status":"publish","type":"post","link":"https:\/\/sds.unb.br\/es\/resultado-de-selecao-de-bolsistas\/","title":{"rendered":"RESULTADO DE SELE\u00c7\u00c3O DE BOLSISTAS"},"content":{"rendered":"<p><\/p>\n\n\n\n<p>A Coordena\u00e7\u00e3o do Programa de Extens\u00e3o \u201cSala de Situa\u00e7\u00e3o de Sa\u00fade&#8221; (SDS), vinculado ao Departamento de Sa\u00fade Coletiva da Faculdade de Sa\u00fade da Universidade de Bras\u00edlia (FS\/UnB), divulga o resultado da sele\u00e7\u00e3o para bolsistas no projeto <strong>Atb-SU: Antibi\u00f3ticos no contexto da Sa\u00fade \u00danica<\/strong>.<\/p>\n\n\n\n<div class=\"wp-block-group\"><div class=\"wp-block-group__inner-container is-layout-constrained wp-block-group-is-layout-constrained\">\n<div class=\"wp-block-columns is-layout-flex wp-container-core-columns-is-layout-9d6595d7 wp-block-columns-is-layout-flex\">\n<div class=\"wp-block-column is-layout-flow wp-block-column-is-layout-flow\" style=\"flex-basis:100%\"><\/div>\n<\/div>\n<\/div><\/div>\n\n\n\n<div data-wp-interactive=\"core\/file\" class=\"wp-block-file\"><object data-wp-bind--hidden=\"!state.hasPdfPreview\" hidden class=\"wp-block-file__embed\" data=\"https:\/\/sds.unb.br\/wp-content\/uploads\/2025\/02\/RESULTADO-CHAMADA-PUBLICA-1_2025.pdf\" type=\"application\/pdf\" style=\"width:100%;height:600px\" aria-label=\"Incrustado de RESULTADO CHAMADA P\u00daBLICA 1_2025.\"><\/object><a id=\"wp-block-file--media-5deb0e35-79b2-42f2-b560-357f88918994\" href=\"https:\/\/sds.unb.br\/wp-content\/uploads\/2025\/02\/RESULTADO-CHAMADA-PUBLICA-1_2025.pdf\">RESULTADO CHAMADA P\u00daBLICA 1_2025<\/a><a href=\"https:\/\/sds.unb.br\/wp-content\/uploads\/2025\/02\/RESULTADO-CHAMADA-PUBLICA-1_2025.pdf\" class=\"wp-block-file__button wp-element-button\" download aria-describedby=\"wp-block-file--media-5deb0e35-79b2-42f2-b560-357f88918994\">Baixar<\/a><\/div>\n\n\n\n<p><\/p>","protected":false},"excerpt":{"rendered":"<p>A Coordena\u00e7\u00e3o do Programa de Extens\u00e3o \u201cSala de Situa\u00e7\u00e3o de Sa\u00fade&#8221; (SDS), vinculado ao Departamento de Sa\u00fade Coletiva da Faculdade de Sa\u00fade da Universidade de Bras\u00edlia (FS\/UnB), divulga o resultado da sele\u00e7\u00e3o para bolsistas no projeto Atb-SU: Antibi\u00f3ticos no contexto da Sa\u00fade \u00danica.<\/p>","protected":false},"author":39,"featured_media":32979,"comment_status":"open","ping_status":"open","sticky":false,"template":"","format":"standard","meta":{"footnotes":""},"categories":[188,156],"tags":[103,189,62],"tnc_tax_1420":[],"class_list":{"0":"post-37010","1":"post","2":"type-post","3":"status-publish","4":"format-standard","5":"has-post-thumbnail","7":"category-editais","8":"category-noticias","9":"tag-destaque","10":"tag-editais","11":"tag-noticias"},"views":1129,"_links":{"self":[{"href":"https:\/\/sds.unb.br\/es\/wp-json\/wp\/v2\/posts\/37010","targetHints":{"allow":["GET"]}}],"collection":[{"href":"https:\/\/sds.unb.br\/es\/wp-json\/wp\/v2\/posts"}],"about":[{"href":"https:\/\/sds.unb.br\/es\/wp-json\/wp\/v2\/types\/post"}],"author":[{"embeddable":true,"href":"https:\/\/sds.unb.br\/es\/wp-json\/wp\/v2\/users\/39"}],"replies":[{"embeddable":true,"href":"https:\/\/sds.unb.br\/es\/wp-json\/wp\/v2\/comments?post=37010"}],"version-history":[{"count":1,"href":"https:\/\/sds.unb.br\/es\/wp-json\/wp\/v2\/posts\/37010\/revisions"}],"predecessor-version":[{"id":37012,"href":"https:\/\/sds.unb.br\/es\/wp-json\/wp\/v2\/posts\/37010\/revisions\/37012"}],"wp:featuredmedia":[{"embeddable":true,"href":"https:\/\/sds.unb.br\/es\/wp-json\/wp\/v2\/media\/32979"}],"wp:attachment":[{"href":"https:\/\/sds.unb.br\/es\/wp-json\/wp\/v2\/media?parent=37010"}],"wp:term":[{"taxonomy":"category","embeddable":true,"href":"https:\/\/sds.unb.br\/es\/wp-json\/wp\/v2\/categories?post=37010"},{"taxonomy":"post_tag","embeddable":true,"href":"https:\/\/sds.unb.br\/es\/wp-json\/wp\/v2\/tags?post=37010"},{"taxonomy":"tnc_tax_1420","embeddable":true,"href":"https:\/\/sds.unb.br\/es\/wp-json\/wp\/v2\/tnc_tax_1420?post=37010"}],"curies":[{"name":"wp","href":"https:\/\/api.w.org\/{rel}","templated":true}]}}