{"id":36664,"date":"2025-01-17T13:06:32","date_gmt":"2025-01-17T16:06:32","guid":{"rendered":"https:\/\/sds.unb.br\/?p=36664"},"modified":"2025-01-17T13:14:06","modified_gmt":"2025-01-17T16:14:06","slug":"processo-seletivo-de-bolsistas-de-pesquisa","status":"publish","type":"post","link":"https:\/\/sds.unb.br\/es\/processo-seletivo-de-bolsistas-de-pesquisa\/","title":{"rendered":"PROCESSO SELETIVO DE BOLSISTAS DE PESQUISA"},"content":{"rendered":"<p><\/p>\n\n\n\n<p>A Sala de Situa\u00e7\u00e3o de Sa\u00fade da Universidade de Bras\u00edlia, vinculada ao Departamento de Sa\u00fade Coletiva da Faculdade de Sa\u00fade (DSC\/FS\/UnB), anuncia a chamada para sele\u00e7\u00e3o de bolsistas no \u00e2mbito do projeto &#8220;Incorpora\u00e7\u00e3o de Tecnologias &#8211; For\u00e7a Nacional do SUS&#8221;.<\/p>\n\n\n\n<p>Vaga Dispon\u00edvel<\/p>\n\n\n\n<p>Cargo: Gestor de Projeto<\/p>\n\n\n\n<p>N\u00edvel: P\u00f3s-gradua\u00e7\u00e3o<\/p>\n\n\n\n<p>Bolsa: R$ 3.000Inscri\u00e7\u00f5es<\/p>\n\n\n\n<p>Per\u00edodo: 17\/01 a 22\/01<\/p>\n\n\n\n<p>Os interessados devem consultar o edital completo para mais\u00a0informa\u00e7\u00f5es.<\/p>\n\n\n\n<div class=\"wp-block-file\"><a id=\"wp-block-file--media-0a0efdea-1f93-4129-80c2-c66da6a2e06c\" href=\"https:\/\/sds.unb.br\/wp-content\/uploads\/2025\/01\/GES-EDITAL-_002_Forca-Nacional-1.docx\">GES EDITAL _002_For\u00e7a Nacional <\/a><a href=\"https:\/\/sds.unb.br\/wp-content\/uploads\/2025\/01\/GES-EDITAL-_002_Forca-Nacional-1.docx\" class=\"wp-block-file__button wp-element-button\" download aria-describedby=\"wp-block-file--media-0a0efdea-1f93-4129-80c2-c66da6a2e06c\">Baixar<\/a><\/div>\n\n\n\n<p><\/p>","protected":false},"excerpt":{"rendered":"<p>A Sala de Situa\u00e7\u00e3o de Sa\u00fade da Universidade de Bras\u00edlia, vinculada ao Departamento de Sa\u00fade Coletiva da Faculdade de Sa\u00fade (DSC\/FS\/UnB), anuncia a chamada para sele\u00e7\u00e3o de bolsistas no \u00e2mbito do projeto &#8220;Incorpora\u00e7\u00e3o de Tecnologias &#8211; For\u00e7a Nacional do SUS&#8221;. Vaga Dispon\u00edvel Cargo: Gestor de Projeto N\u00edvel: P\u00f3s-gradua\u00e7\u00e3o Bolsa: R$ 3.000Inscri\u00e7\u00f5es Per\u00edodo: 17\/01 a 22\/01 Os interessados devem consultar o edital completo para mais\u00a0informa\u00e7\u00f5es.<\/p>","protected":false},"author":39,"featured_media":34983,"comment_status":"open","ping_status":"open","sticky":false,"template":"","format":"standard","meta":{"footnotes":""},"categories":[210],"tags":[],"tnc_tax_1420":[],"class_list":{"0":"post-36664","1":"post","2":"type-post","3":"status-publish","4":"format-standard","5":"has-post-thumbnail","7":"category-sem-categoria-pt"},"views":523,"_links":{"self":[{"href":"https:\/\/sds.unb.br\/es\/wp-json\/wp\/v2\/posts\/36664","targetHints":{"allow":["GET"]}}],"collection":[{"href":"https:\/\/sds.unb.br\/es\/wp-json\/wp\/v2\/posts"}],"about":[{"href":"https:\/\/sds.unb.br\/es\/wp-json\/wp\/v2\/types\/post"}],"author":[{"embeddable":true,"href":"https:\/\/sds.unb.br\/es\/wp-json\/wp\/v2\/users\/39"}],"replies":[{"embeddable":true,"href":"https:\/\/sds.unb.br\/es\/wp-json\/wp\/v2\/comments?post=36664"}],"version-history":[{"count":1,"href":"https:\/\/sds.unb.br\/es\/wp-json\/wp\/v2\/posts\/36664\/revisions"}],"predecessor-version":[{"id":36666,"href":"https:\/\/sds.unb.br\/es\/wp-json\/wp\/v2\/posts\/36664\/revisions\/36666"}],"wp:featuredmedia":[{"embeddable":true,"href":"https:\/\/sds.unb.br\/es\/wp-json\/wp\/v2\/media\/34983"}],"wp:attachment":[{"href":"https:\/\/sds.unb.br\/es\/wp-json\/wp\/v2\/media?parent=36664"}],"wp:term":[{"taxonomy":"category","embeddable":true,"href":"https:\/\/sds.unb.br\/es\/wp-json\/wp\/v2\/categories?post=36664"},{"taxonomy":"post_tag","embeddable":true,"href":"https:\/\/sds.unb.br\/es\/wp-json\/wp\/v2\/tags?post=36664"},{"taxonomy":"tnc_tax_1420","embeddable":true,"href":"https:\/\/sds.unb.br\/es\/wp-json\/wp\/v2\/tnc_tax_1420?post=36664"}],"curies":[{"name":"wp","href":"https:\/\/api.w.org\/{rel}","templated":true}]}}