{"id":36652,"date":"2025-01-16T10:41:44","date_gmt":"2025-01-16T13:41:44","guid":{"rendered":"https:\/\/sds.unb.br\/?p=36652"},"modified":"2025-01-16T10:55:04","modified_gmt":"2025-01-16T13:55:04","slug":"edital-de-selecao-de-bolsistas","status":"publish","type":"post","link":"https:\/\/sds.unb.br\/es\/edital-de-selecao-de-bolsistas\/","title":{"rendered":"EDITAL DE SELE\u00c7\u00c3O DE BOLSISTAS"},"content":{"rendered":"<p><\/p>\n\n\n\n<p>A Coordena\u00e7\u00e3o do Programa de Extens\u00e3o \u201cSala de Situa\u00e7\u00e3o de Sa\u00fade&#8221; (SDS), vinculado ao Departamento de Sa\u00fade Coletiva da Faculdade de Sa\u00fade da Universidade de Bras\u00edlia (FS\/UnB), divulga o edital de sele\u00e7\u00e3o para bolsistas no projeto <strong>Atb-SU: Antibi\u00f3ticos no contexto da Sa\u00fade \u00danica<\/strong>.<\/p>\n\n\n\n<p>Vagas Dispon\u00edveis:<\/p>\n\n\n\n<p>L\u00edder de Projeto<\/p>\n\n\n\n<p>N\u00edvel: P\u00f3s-gradua\u00e7\u00e3o<\/p>\n\n\n\n<p>Bolsa: R$ 1.500<\/p>\n\n\n\n<p>Gestor de Projeto<\/p>\n\n\n\n<p>N\u00edvel: Gradua\u00e7\u00e3o<\/p>\n\n\n\n<p>Bolsa: R$ 700 Inscri\u00e7\u00f5es<\/p>\n\n\n\n<p>Per\u00edodo: 16\/01 a 23\/01<\/p>\n\n\n\n<p>Os interessados devem acessar o edital completo para mais informa\u00e7\u00f5es<\/p>\n\n\n\n<div class=\"wp-block-group\"><div class=\"wp-block-group__inner-container is-layout-constrained wp-block-group-is-layout-constrained\">\n<div class=\"wp-block-columns is-layout-flex wp-container-core-columns-is-layout-9d6595d7 wp-block-columns-is-layout-flex\">\n<div class=\"wp-block-column is-layout-flow wp-block-column-is-layout-flow\" style=\"flex-basis:100%\"><\/div>\n<\/div>\n<\/div><\/div>\n\n\n\n<div data-wp-interactive=\"core\/file\" class=\"wp-block-file\"><object data-wp-bind--hidden=\"!state.hasPdfPreview\" hidden class=\"wp-block-file__embed\" data=\"https:\/\/sds.unb.br\/wp-content\/uploads\/2025\/01\/EDITAL-RA-SU-20251.pdf\" type=\"application\/pdf\" style=\"width:100%;height:600px\" aria-label=\"Incrustado de EDITAL RA-SU 2025.\"><\/object><a id=\"wp-block-file--media-83826e54-fa15-4b1b-8b8e-53e6cc858459\" href=\"https:\/\/sds.unb.br\/wp-content\/uploads\/2025\/01\/EDITAL-RA-SU-20251.pdf\">EDITAL RA-SU 2025<\/a><a href=\"https:\/\/sds.unb.br\/wp-content\/uploads\/2025\/01\/EDITAL-RA-SU-20251.pdf\" class=\"wp-block-file__button wp-element-button\" download aria-describedby=\"wp-block-file--media-83826e54-fa15-4b1b-8b8e-53e6cc858459\">Baixar<\/a><\/div>\n\n\n\n<p><\/p>","protected":false},"excerpt":{"rendered":"<p>A Coordena\u00e7\u00e3o do Programa de Extens\u00e3o \u201cSala de Situa\u00e7\u00e3o de Sa\u00fade&#8221; (SDS), vinculado ao Departamento de Sa\u00fade Coletiva da Faculdade de Sa\u00fade da Universidade de Bras\u00edlia (FS\/UnB), divulga o edital de sele\u00e7\u00e3o para bolsistas no projeto Atb-SU: Antibi\u00f3ticos no contexto da Sa\u00fade \u00danica. Vagas Dispon\u00edveis: L\u00edder de Projeto N\u00edvel: P\u00f3s-gradua\u00e7\u00e3o Bolsa: R$ 1.500 Gestor de Projeto N\u00edvel: Gradua\u00e7\u00e3o Bolsa: R$ 700 Inscri\u00e7\u00f5es Per\u00edodo: 16\/01 a 23\/01&hellip;<\/p>\n<p> <a class=\"more-link\" href=\"https:\/\/sds.unb.br\/es\/edital-de-selecao-de-bolsistas\/\">Leer m\u00e1s<\/a><\/p>","protected":false},"author":39,"featured_media":32979,"comment_status":"open","ping_status":"open","sticky":false,"template":"","format":"standard","meta":{"footnotes":""},"categories":[188,156],"tags":[103,189,62],"tnc_tax_1420":[],"class_list":{"0":"post-36652","1":"post","2":"type-post","3":"status-publish","4":"format-standard","5":"has-post-thumbnail","7":"category-editais","8":"category-noticias","9":"tag-destaque","10":"tag-editais","11":"tag-noticias"},"views":1337,"_links":{"self":[{"href":"https:\/\/sds.unb.br\/es\/wp-json\/wp\/v2\/posts\/36652","targetHints":{"allow":["GET"]}}],"collection":[{"href":"https:\/\/sds.unb.br\/es\/wp-json\/wp\/v2\/posts"}],"about":[{"href":"https:\/\/sds.unb.br\/es\/wp-json\/wp\/v2\/types\/post"}],"author":[{"embeddable":true,"href":"https:\/\/sds.unb.br\/es\/wp-json\/wp\/v2\/users\/39"}],"replies":[{"embeddable":true,"href":"https:\/\/sds.unb.br\/es\/wp-json\/wp\/v2\/comments?post=36652"}],"version-history":[{"count":2,"href":"https:\/\/sds.unb.br\/es\/wp-json\/wp\/v2\/posts\/36652\/revisions"}],"predecessor-version":[{"id":36661,"href":"https:\/\/sds.unb.br\/es\/wp-json\/wp\/v2\/posts\/36652\/revisions\/36661"}],"wp:featuredmedia":[{"embeddable":true,"href":"https:\/\/sds.unb.br\/es\/wp-json\/wp\/v2\/media\/32979"}],"wp:attachment":[{"href":"https:\/\/sds.unb.br\/es\/wp-json\/wp\/v2\/media?parent=36652"}],"wp:term":[{"taxonomy":"category","embeddable":true,"href":"https:\/\/sds.unb.br\/es\/wp-json\/wp\/v2\/categories?post=36652"},{"taxonomy":"post_tag","embeddable":true,"href":"https:\/\/sds.unb.br\/es\/wp-json\/wp\/v2\/tags?post=36652"},{"taxonomy":"tnc_tax_1420","embeddable":true,"href":"https:\/\/sds.unb.br\/es\/wp-json\/wp\/v2\/tnc_tax_1420?post=36652"}],"curies":[{"name":"wp","href":"https:\/\/api.w.org\/{rel}","templated":true}]}}