{"id":34630,"date":"2024-03-13T16:25:27","date_gmt":"2024-03-13T19:25:27","guid":{"rendered":"https:\/\/sds.unb.br\/?p=34630"},"modified":"2024-03-14T11:16:17","modified_gmt":"2024-03-14T14:16:17","slug":"34630-2","status":"publish","type":"post","link":"https:\/\/sds.unb.br\/es\/34630-2\/","title":{"rendered":""},"content":{"rendered":"<div data-elementor-type=\"wp-post\" data-elementor-id=\"34630\" class=\"elementor elementor-34630\">\n\t\t\t\t\t\t<section class=\"elementor-section elementor-top-section elementor-element elementor-element-5a20f77 elementor-section-boxed elementor-section-height-default elementor-section-height-default\" data-id=\"5a20f77\" data-element_type=\"section\">\n\t\t\t\t\t\t<div class=\"elementor-container elementor-column-gap-default\">\n\t\t\t\t\t<div class=\"elementor-column elementor-col-100 elementor-top-column elementor-element elementor-element-f0b319c\" data-id=\"f0b319c\" data-element_type=\"column\">\n\t\t\t<div class=\"elementor-widget-wrap elementor-element-populated\">\n\t\t\t\t\t\t<div class=\"elementor-element elementor-element-98c0476 elementor-widget elementor-widget-image\" data-id=\"98c0476\" data-element_type=\"widget\" data-widget_type=\"image.default\">\n\t\t\t\t<div class=\"elementor-widget-container\">\n\t\t\t\t\t\t\t\t\t\t\t\t\t\t<a href=\"https:\/\/forms.sds.unb.br\/surveys\/?s=N3FPTCAD38NPCHLE\">\n\t\t\t\t\t\t\t<img fetchpriority=\"high\" decoding=\"async\" width=\"800\" height=\"398\" src=\"https:\/\/sds.unb.br\/wp-content\/uploads\/2024\/03\/Faca-parte-da-sds-2.png\" class=\"attachment-large size-large wp-image-34633\" alt=\"\" srcset=\"https:\/\/sds.unb.br\/wp-content\/uploads\/2024\/03\/Faca-parte-da-sds-2.png 1016w, https:\/\/sds.unb.br\/wp-content\/uploads\/2024\/03\/Faca-parte-da-sds-2-300x149.png 300w, https:\/\/sds.unb.br\/wp-content\/uploads\/2024\/03\/Faca-parte-da-sds-2-768x382.png 768w, https:\/\/sds.unb.br\/wp-content\/uploads\/2024\/03\/Faca-parte-da-sds-2-18x9.png 18w, https:\/\/sds.unb.br\/wp-content\/uploads\/2024\/03\/Faca-parte-da-sds-2-205x102.png 205w, https:\/\/sds.unb.br\/wp-content\/uploads\/2024\/03\/Faca-parte-da-sds-2-480x239.png 480w\" sizes=\"(max-width: 800px) 100vw, 800px\" \/>\t\t\t\t\t\t\t\t<\/a>\n\t\t\t\t\t\t\t\t\t\t\t\t\t<\/div>\n\t\t\t\t<\/div>\n\t\t\t\t\t<\/div>\n\t\t<\/div>\n\t\t\t\t\t<\/div>\n\t\t<\/section>\n\t\t\t\t<section class=\"elementor-section elementor-top-section elementor-element elementor-element-cbac456 elementor-section-boxed elementor-section-height-default elementor-section-height-default\" data-id=\"cbac456\" data-element_type=\"section\">\n\t\t\t\t\t\t<div class=\"elementor-container elementor-column-gap-default\">\n\t\t\t\t\t<div class=\"elementor-column elementor-col-100 elementor-top-column elementor-element elementor-element-28f87ec9\" data-id=\"28f87ec9\" data-element_type=\"column\">\n\t\t\t<div class=\"elementor-widget-wrap elementor-element-populated\">\n\t\t\t\t\t\t<div class=\"elementor-element elementor-element-4575fdd9 elementor-widget elementor-widget-text-editor\" data-id=\"4575fdd9\" data-element_type=\"widget\" data-widget_type=\"text-editor.default\">\n\t\t\t\t<div class=\"elementor-widget-container\">\n\t\t\t\t\t\t\t<p><!-- wp:paragraph --><\/p>\n<p>A Sala de Situa\u00e7\u00e3o de Sa\u00fade (SDS), da Faculdade de Sa\u00fade da Universidade de Bras\u00edlia (FS\/ UnB), divulga Chamada para Extens\u00e3o Volunt\u00e1ria no laborat\u00f3rio. As inscri\u00e7\u00f5es devem ser feitas por meio <a href=\"https:\/\/forms.sds.unb.br\/surveys\/?s=N3FPTCAD38NPCHLE\">deste link <\/a>at\u00e9 o dia 20\/3 deste ano. Para conferir a chamada completa, <a href=\"https:\/\/sds.unb.br\/wp-content\/uploads\/2024\/03\/Chamada-para-extensionistas-2\u00b0_2023.pdf\">clique aqui. <\/a>A seguir, elencamos os t\u00f3picos principais da chamada:<\/p>\n<p><!-- \/wp:paragraph --><\/p>\n<p><!-- wp:paragraph --><\/p>\n<p><!-- \/wp:paragraph --><\/p>\n<p><!-- wp:list --><\/p>\n<ul>\n<li style=\"list-style-type: none;\">\n<ul><!-- wp:list-item --><\/ul>\n<\/li>\n<\/ul>\n<ul>\n<li style=\"list-style-type: none;\">\n<ul>\n<li>Inicialmente, os candidatos selecionados(as) atuar\u00e3o como extensionistas <strong>volunt\u00e1rios.<\/strong> Posteriormente, poder\u00e3o ser contemplados com poss\u00edveis bolsas nos projetos, conforme disponibilidade ao longo do semestre.<\/li>\n<\/ul>\n<\/li>\n<\/ul>\n<p><!-- \/wp:list-item --><\/p>\n<p><!-- wp:list-item --><\/p>\n<ul>\n<li style=\"list-style-type: none;\">\n<ul>\n<li>Candidatos selecionados(as) poder\u00e3o ser alocados(as) para outras vagas, caso tenham interesse.<\/li>\n<\/ul>\n<\/li>\n<\/ul>\n<p><!-- \/wp:list-item --><\/p>\n<p><!-- wp:list-item --><\/p>\n<ul>\n<li style=\"list-style-type: none;\">\n<ul>\n<li>O per\u00edodo de perman\u00eancia no projeto \u00e9 semestral, podendo ser prorrogado caso o estudante tenha interesse.<\/li>\n<\/ul>\n<\/li>\n<\/ul>\n<p><!-- \/wp:list-item --><\/p>\n<p><!-- wp:list-item --><\/p>\n<ul>\n<li style=\"list-style-type: none;\">\n<ul>\n<li>H\u00e1 oportunidades para Gest\u00e3o (3 vagas), Comunica\u00e7\u00e3o (8 vagas), Tecnologia da Informa\u00e7\u00e3o (8 vagas), Geoprocessamento (2 vagas), Guardi\u00f5es da Sa\u00fade (8 vagas), One Health (24 vagas), Eventos (4 vagas), Resist\u00eancia antimicrobiana (8 vagas) e Vigil\u00e2ncia (8 vagas).<\/li>\n<\/ul>\n<\/li>\n<\/ul>\n<p><!-- \/wp:list-item --><\/p>\n<p><!-- wp:list-item --><\/p>\n<ul>\n<li style=\"list-style-type: none;\">\n<ul>\n<li>Os candidatos(as) devem ser estudantes regularmente matriculados em cursos de Gradua\u00e7\u00e3o, ter <strong>disponibilidade de 15 horas semanais, <\/strong>n\u00e3o possuir pend\u00eancias acad\u00eamicas ou administrativas relacionadas aos compromissos assumidos anteriormente em eventos, projetos ou programas.<\/li>\n<\/ul>\n<\/li>\n<\/ul>\n<p><!-- \/wp:list-item --><\/p>\n<p><!-- \/wp:list --><\/p>\t\t\t\t\t\t<\/div>\n\t\t\t\t<\/div>\n\t\t\t\t\t<\/div>\n\t\t<\/div>\n\t\t\t\t\t<\/div>\n\t\t<\/section>\n\t\t\t\t<\/div>","protected":false},"excerpt":{"rendered":"<p>A Sala de Situa\u00e7\u00e3o de Sa\u00fade (SDS), da Faculdade de Sa\u00fade da Universidade de Bras\u00edlia (FS\/ UnB), divulga Chamada para Extens\u00e3o Volunt\u00e1ria no laborat\u00f3rio. As inscri\u00e7\u00f5es devem ser feitas por meio deste link at\u00e9 o dia 20\/3 deste ano. Para conferir a chamada completa, clique aqui. A seguir, elencamos os t\u00f3picos principais da chamada:<\/p>","protected":false},"author":28,"featured_media":34633,"comment_status":"open","ping_status":"open","sticky":false,"template":"","format":"standard","meta":{"footnotes":""},"categories":[197],"tags":[],"tnc_tax_1420":[],"class_list":{"0":"post-34630","1":"post","2":"type-post","3":"status-publish","4":"format-standard","5":"has-post-thumbnail","7":"category-banner_home"},"views":803,"_links":{"self":[{"href":"https:\/\/sds.unb.br\/es\/wp-json\/wp\/v2\/posts\/34630","targetHints":{"allow":["GET"]}}],"collection":[{"href":"https:\/\/sds.unb.br\/es\/wp-json\/wp\/v2\/posts"}],"about":[{"href":"https:\/\/sds.unb.br\/es\/wp-json\/wp\/v2\/types\/post"}],"author":[{"embeddable":true,"href":"https:\/\/sds.unb.br\/es\/wp-json\/wp\/v2\/users\/28"}],"replies":[{"embeddable":true,"href":"https:\/\/sds.unb.br\/es\/wp-json\/wp\/v2\/comments?post=34630"}],"version-history":[{"count":20,"href":"https:\/\/sds.unb.br\/es\/wp-json\/wp\/v2\/posts\/34630\/revisions"}],"predecessor-version":[{"id":34655,"href":"https:\/\/sds.unb.br\/es\/wp-json\/wp\/v2\/posts\/34630\/revisions\/34655"}],"wp:featuredmedia":[{"embeddable":true,"href":"https:\/\/sds.unb.br\/es\/wp-json\/wp\/v2\/media\/34633"}],"wp:attachment":[{"href":"https:\/\/sds.unb.br\/es\/wp-json\/wp\/v2\/media?parent=34630"}],"wp:term":[{"taxonomy":"category","embeddable":true,"href":"https:\/\/sds.unb.br\/es\/wp-json\/wp\/v2\/categories?post=34630"},{"taxonomy":"post_tag","embeddable":true,"href":"https:\/\/sds.unb.br\/es\/wp-json\/wp\/v2\/tags?post=34630"},{"taxonomy":"tnc_tax_1420","embeddable":true,"href":"https:\/\/sds.unb.br\/es\/wp-json\/wp\/v2\/tnc_tax_1420?post=34630"}],"curies":[{"name":"wp","href":"https:\/\/api.w.org\/{rel}","templated":true}]}}