{"id":33871,"date":"2023-10-31T09:59:34","date_gmt":"2023-10-31T12:59:34","guid":{"rendered":"https:\/\/sds.unb.br\/?p=33871"},"modified":"2023-10-31T09:59:35","modified_gmt":"2023-10-31T12:59:35","slug":"indicadores-de-cancer-de-mama-na-ride-df-reflexoes-para-compreender-o-cenario-com-estrategias-de-comunicacao-de-risco-e-engajamento-comunitario","status":"publish","type":"post","link":"https:\/\/sds.unb.br\/es\/indicadores-de-cancer-de-mama-na-ride-df-reflexoes-para-compreender-o-cenario-com-estrategias-de-comunicacao-de-risco-e-engajamento-comunitario\/","title":{"rendered":"INDICADORES DE C\u00c2NCER DE MAMA NA RIDE-DF: REFLEX\u00d5ES PARA COMPREENDER O CEN\u00c1RIO COM ESTRAT\u00c9GIAS DE COMUNICA\u00c7\u00c3O DE RISCO E ENGAJAMENTO COMUNIT\u00c1RIO"},"content":{"rendered":"<p><em>A partir de indicadores relacionados ao c\u00e2ncer de mama, coletados do Sistema de Informa\u00e7\u00e3o do C\u00e2ncer (SISCAN), a equipe CREC discute acesso ao exame preventivo de c\u00e2ncer de mama na RIDE-DF. Imagem: For\u00e7a A\u00e9rea Brasileira.<\/em><\/p>\n\n\n\n<p><\/p>\n\n\n\n<p><strong>Produ\u00e7\u00e3o: <\/strong>Leth\u00edcia Nunes | <strong>Revis\u00e3o: <\/strong>Pedro Falc\u00e3o e Olga Ma\u00edra | <strong>Tempo estim\u00e1vel de leitura: <\/strong>10min 46sec.<\/p>\n\n\n\n<p><strong>O que \u00e9 o Outubro Rosa?<\/strong><\/p>\n\n\n\n<p>Outubro \u00e9 o m\u00eas destinado a conscientizar a sociedade sobre a relev\u00e2ncia da <strong>preven\u00e7\u00e3o do c\u00e2ncer de mama<\/strong>. \u00c9 um movimento global, fundado na d\u00e9cada de 1990 pela Funda\u00e7\u00e3o Susan G. Komen for the Cure celebrado anualmente.&nbsp;<\/p>\n\n\n\n<p>O objetivo desse movimento \u00e9 conscientizar as pessoas sobre o c\u00e2ncer de mama com o compartilhamento de informa\u00e7\u00f5es relevantes, buscando melhorar o acesso aos servi\u00e7os de diagn\u00f3stico e tratamento, contribuindo assim para a redu\u00e7\u00e3o da mortalidade (BVS, 2023).<\/p>\n\n\n\n<p><strong>Qual a import\u00e2ncia de analisar dados de c\u00e2ncer de mama para a comunica\u00e7\u00e3o de risco?<\/strong><\/p>\n\n\n\n<p>Conhecer o perfil epidemiol\u00f3gico da doen\u00e7a \u00e9 fundamental para instituir a\u00e7\u00f5es preventivas. Para comunica\u00e7\u00e3o de risco, a seguir est\u00e3o destacadas algumas informa\u00e7\u00f5es epidemiol\u00f3gicas relevantes sobre o c\u00e2ncer de mama:&nbsp;<\/p>\n\n\n\n<ul class=\"wp-block-list\">\n<li>Afeta principalmente as mulheres, mas que tamb\u00e9m acometer homens, de forma mais rara (BRASIL, 2023);<\/li>\n\n\n\n<li>Estima-se que uma em cada dez mulheres possa desenvolver c\u00e2ncer de mama ao longo de sua vida (BRASIL, 2023);<\/li>\n\n\n\n<li>Pode se desenvolver lentamente, por longos per\u00edodos, e est\u00e1 muito associada a estilos de vida modific\u00e1veis (INCA, 2023);<\/li>\n\n\n\n<li>\u00c9 a principal causa de morte por c\u00e2ncer entre as mulheres brasileiras e o segundo tipo de c\u00e2ncer mais frequente em mulheres, perdendo apenas para o c\u00e2ncer de pele n\u00e3o melanoma (BRASIL, 2023);<\/li>\n\n\n\n<li>Quando diagnosticado tardiamente, apresenta altas taxas de&nbsp; mortalidade (Paulinelli et al., 2003);<\/li>\n\n\n\n<li>Apesar da alta frequ\u00eancia entre as mulheres, possui altas taxas de cura quando detectado precocemente e, por isso, \u00e9 t\u00e3o importante que a popula\u00e7\u00e3o esteja conscientizada sobre a doen\u00e7a e reconhe\u00e7a oportunamente sinais que necessitem de avalia\u00e7\u00e3o m\u00e9dica (BRASIL, 2023).<\/li>\n<\/ul>\n\n\n\n<p>O c\u00e2ncer de mama integra o grupo das doen\u00e7as cr\u00f4nicas n\u00e3o transmiss\u00edveis (DCNTs), que representam um grande desafio para a Sa\u00fade P\u00fablica de muitos pa\u00edses, incluindo o Brasil. Esse grupo de doen\u00e7as \u00e9 respons\u00e1vel por mais da metade do total de mortes no Brasil (BRASIL, 2013; 2021).<\/p>\n\n\n\n<p><strong>Qual \u00e9 o cen\u00e1rio do c\u00e2ncer de mama na RIDE-DF?<\/strong><\/p>\n\n\n\n<p>No Brasil, a Portaria n\u00ba 874 de 2013 instituiu a Pol\u00edtica Nacional para a Preven\u00e7\u00e3o e Controle do C\u00e2ncer (PNPCC) na Rede de Aten\u00e7\u00e3o \u00e0 Sa\u00fade das Pessoas com Doen\u00e7as Cr\u00f4nicas no \u00e2mbito do SUS.&nbsp;<\/p>\n\n\n\n<p>Na RIDE-DF, segundo o Sistema de Informa\u00e7\u00e3o do C\u00e2ncer (SISCAN), desde 2013, dos 34 munic\u00edpios que a comp\u00f5em, j\u00e1 foram realizados cerca de 130 mil exames de rastreamento de c\u00e2ncer de mama em mulheres de 50 a 69 anos (Gr\u00e1fico 1).<\/p>\n\n\n\n<p><strong>Gr\u00e1fico 1.<\/strong> Quantidade de mamografias realizadas em mulheres na faixa et\u00e1ria de 50 a 69 anos.<\/p>\n\n\n\n<figure class=\"wp-block-image\"><img fetchpriority=\"high\" decoding=\"async\" width=\"1258\" height=\"633\" src=\"https:\/\/sds.unb.br\/wp-content\/uploads\/2023\/10\/image-1.png\" alt=\"\" class=\"wp-image-33872\" srcset=\"https:\/\/sds.unb.br\/wp-content\/uploads\/2023\/10\/image-1.png 1258w, https:\/\/sds.unb.br\/wp-content\/uploads\/2023\/10\/image-1-300x151.png 300w, https:\/\/sds.unb.br\/wp-content\/uploads\/2023\/10\/image-1-1024x515.png 1024w, https:\/\/sds.unb.br\/wp-content\/uploads\/2023\/10\/image-1-768x386.png 768w, https:\/\/sds.unb.br\/wp-content\/uploads\/2023\/10\/image-1-18x9.png 18w, https:\/\/sds.unb.br\/wp-content\/uploads\/2023\/10\/image-1-585x295.png 585w, https:\/\/sds.unb.br\/wp-content\/uploads\/2023\/10\/image-1-205x103.png 205w, https:\/\/sds.unb.br\/wp-content\/uploads\/2023\/10\/image-1-480x242.png 480w\" sizes=\"(max-width: 1258px) 100vw, 1258px\" \/><\/figure>\n\n\n\n<p><strong>Fonte: <\/strong>Elabora\u00e7\u00e3o pr\u00f3pria, com base nos dados extra\u00eddos do SISCAN<\/p>\n\n\n\n<p>Dentre esses 130 mil exames de mamografia, nos \u00faltimos 10 anos, 58 mil foram realizados em at\u00e9 30 dias desde a solicita\u00e7\u00e3o, o que representa 45% desse total. A partir desses exames, nesse per\u00edodo, foram diagnosticados 784 casos de c\u00e2ncer de mama, segundo o SISCAN (Gr\u00e1fico 2).<\/p>\n\n\n\n<p><strong>Gr\u00e1fico 2.<\/strong> Quantidade de mamografias realizados em mulheres na faixa et\u00e1ria de 50 a 69 anos, comparado aos exames realizados em at\u00e9 30 dias e exames diagnosticados&nbsp;<\/p>\n\n\n\n<figure class=\"wp-block-image\"><img decoding=\"async\" width=\"711\" height=\"394\" src=\"https:\/\/sds.unb.br\/wp-content\/uploads\/2023\/10\/image.png\" alt=\"\" class=\"wp-image-33873\" srcset=\"https:\/\/sds.unb.br\/wp-content\/uploads\/2023\/10\/image.png 711w, https:\/\/sds.unb.br\/wp-content\/uploads\/2023\/10\/image-300x166.png 300w, https:\/\/sds.unb.br\/wp-content\/uploads\/2023\/10\/image-18x10.png 18w, https:\/\/sds.unb.br\/wp-content\/uploads\/2023\/10\/image-205x114.png 205w, https:\/\/sds.unb.br\/wp-content\/uploads\/2023\/10\/image-480x266.png 480w\" sizes=\"(max-width: 711px) 100vw, 711px\" \/><\/figure>\n\n\n\n<p><strong>Fonte: <\/strong>Elabora\u00e7\u00e3o pr\u00f3pria, com base nos dados extra\u00eddos do SISCAN<\/p>\n\n\n\n<p>Considerando o contexto da RIDE-DF, dados coletados segundo o Sistema de Informa\u00e7\u00e3o do C\u00e2ncer (SISCAN), a cobertura de mamografia de rastreamento para a faixa et\u00e1ria de 50 a 69 anos alcan\u00e7ou 18% da popula\u00e7\u00e3o de interesse em 2022. Assim, o indicador ficou muito aqu\u00e9m dos 70% estabelecidos pela OMS (SBM, 2023).&nbsp;<\/p>\n\n\n\n<p>Vale destacar que esse indicador (de cobertura) \u00e9 muito relevante, ao contribuir para a avalia\u00e7\u00e3o do alcance do servi\u00e7o \u00e0 popula\u00e7\u00e3o de interesse, estando diretamente relacionado \u00e0 oportunidade de diagn\u00f3stico do c\u00e2ncer de mama.&nbsp;<\/p>\n\n\n\n<p>At\u00e9 setembro de 2023, o percentual de mamografia com resultados em at\u00e9 30 dias na RIDE-DF foi de 45%, ainda que n\u00e3o tenha par\u00e2metro estabelecido pelo Instituto Nacional de C\u00e2ncer (INCA) para compara\u00e7\u00e3o.<\/p>\n\n\n\n<p>O Instituto Nacional de C\u00e2ncer &#8211; INCA (2022) ressalta que o rastreamento de c\u00e2ncer de mama \u00e9 uma estrat\u00e9gia muito importante, por auxiliar na redu\u00e7\u00e3o das taxas de mortalidade, uma vez que, a detec\u00e7\u00e3o precoce aumenta as chances de cura. Por isso, \u00e9 necess\u00e1rio ampliar as a\u00e7\u00f5es de controle para a doen\u00e7a.<\/p>\n\n\n\n<p><strong>Qual \u00e9 a import\u00e2ncia de CREC diante dos dados de c\u00e2ncer de mama?<\/strong><\/p>\n\n\n\n<p>A informa\u00e7\u00e3o em sa\u00fade para comunica\u00e7\u00e3o \u00e9 uma das estrat\u00e9gias que ampliam as a\u00e7\u00f5es de preven\u00e7\u00e3o e detec\u00e7\u00e3o oportuna do c\u00e2ncer, reconhecendo as complexidades e necessidades dos casos, identificando e enfrentando os estigmas do tratamento (de Assis, 2022).&nbsp;<\/p>\n\n\n\n<p>Especificamente na comunica\u00e7\u00e3o de risco, devido \u00e0s consequ\u00eancias indiretas da pandemia de COVID-19, com dificuldade de acesso ao diagn\u00f3stico e tratamento, o c\u00e2ncer de mama \u00e9 considerado atualmente uma prioridade em Sa\u00fade P\u00fablica para rebuscar a popula\u00e7\u00e3o.<\/p>\n\n\n\n<p>Compreender o cen\u00e1rio do c\u00e2ncer de mama \u00e9 fundamental para aperfei\u00e7oar as estrat\u00e9gias de CREC, promovendo a dissemina\u00e7\u00e3o de informa\u00e7\u00f5es para a popula\u00e7\u00e3o e acolhimento e escuta ativa por parte dos profissionais de sa\u00fade e de comunica\u00e7\u00e3o, al\u00e9m de modos de avalia\u00e7\u00e3o de pol\u00edticas p\u00fablicas de sa\u00fade mais participativas. Incluir o mapeamento de grupos de diferentes interlocutores, no processo de produ\u00e7\u00e3o de estrat\u00e9gias criativas de comunica\u00e7\u00e3o de risco, ampliam o acesso \u00e0 informa\u00e7\u00e3o de qualidade (de Assis, 2022).&nbsp;<\/p>\n\n\n\n<p><strong>Refer\u00eancias<\/strong><\/p>\n\n\n\n<p>ALVES, BIREME \/ OPAS \/ OMS-M\u00e1rcio. <strong>Outubro Rosa \u2013 M\u00eas de Conscientiza\u00e7\u00e3o Sobre o C\u00e2ncer de Mama<\/strong> | Biblioteca Virtual em Sa\u00fade MS. Dispon\u00edvel em: &lt;<a rel=\"noreferrer noopener\" target=\"_blank\" href=\"https:\/\/bvsms.saude.gov.br\/outubro-rosa-mes-de-conscientizacao-sobre-o-cancer-de-mama-2\/\">bvsms.saude.gov.br\/outubro-rosa-mes-de-conscientizacao-sobre-o-cancer-de-mama-2<\/a>&gt;. Acesso em: 17 out. 2023.<\/p>\n\n\n\n<p>ASSIS, M\u00f4nica De. Comunica\u00e7\u00e3o em Sa\u00fade na Preven\u00e7\u00e3o e Detec\u00e7\u00e3o Precoce do C\u00e2ncer: em Busca de Pr\u00e1ticas mais Dial\u00f3gicas e Inclusivas. <strong>Revista Brasileira de Cancerologia<\/strong>, v. 69, n. 1, 2022. Dispon\u00edvel em: &lt;<a rel=\"noreferrer noopener\" target=\"_blank\" href=\"https:\/\/rbc.inca.gov.br\/index.php\/revista\/article\/view\/2879\">rbc.inca.gov.br\/index.php\/revista\/article\/view\/2879<\/a>&gt;. Acesso em: 17 out. 2023.<\/p>\n\n\n\n<p>Brasil. Minist\u00e9rio da Sa\u00fade. Gabinete do Ministro. Portaria n\u00ba 874, de 16 de maio de 2013. Institui a Pol\u00edtica Nacional para a Preven\u00e7\u00e3o e Controle do C\u00e2ncer na Rede de Aten\u00e7\u00e3o \u00e0 Sa\u00fade das Pessoas com Doen\u00e7as Cr\u00f4nicas no \u00e2mbito do Sistema \u00danico de Sa\u00fade (SUS).Bras\u00edlia: Minist\u00e9rio da Sa\u00fade 2013.<\/p>\n\n\n\n<p>BRASIL. Minist\u00e9rio da Sa\u00fade. Secretaria de Aten\u00e7\u00e3o \u00e0 Sa\u00fade. Departamento de Aten\u00e7\u00e3o B\u00e1sica. Bras\u00edlia-DF. Diretrizes para o cuidado das pessoas com doen\u00e7as cr\u00f4nicas nas redes de aten\u00e7\u00e3o \u00e0 sa\u00fade e nas linhas de cuidado priorit\u00e1rias. Bras\u00edlia: Minist\u00e9rio da Sa\u00fade; 2013.<\/p>\n\n\n\n<p>BRASIL. Minist\u00e9rio da Sa\u00fade. Secretaria de Vigil\u00e2ncia em Sa\u00fade. Departamento de&nbsp; An\u00e1lise em Sa\u00fade e Vigil\u00e2ncia de Doen\u00e7as N\u00e3o Transmiss\u00edveis. Plano de a\u00e7\u00f5es estrat\u00e9gicas para o enfrentamento das doen\u00e7as cr\u00f4nicas e agravos n\u00e3o transmiss\u00edveis no Brasil, 2021 \u2013 2030. Bras\u00edlia: Minist\u00e9rio da Sa\u00fade; 2021.<\/p>\n\n\n\n<p><strong>Defini\u00e7\u00e3o &#8211; C\u00e2ncer de mama <\/strong>| Minist\u00e9rio da Sa\u00fade. Dispon\u00edvel em: &lt;<a rel=\"noreferrer noopener\" target=\"_blank\" href=\"https:\/\/linhasdecuidado.saude.gov.br\/portal\/cancer-de-mama\/definicao-cancer-de-mama\/\">linhasdecuidado.saude.gov.br\/portal\/cancer-de-mama\/definicao-cancer-de-mama<\/a>&gt;. Acesso em: 17 out. 2023.<\/p>\n\n\n\n<p>Detec\u00e7\u00e3o precoce. <strong>Instituto Nacional de C\u00e2ncer<\/strong> &#8211; INCA. Dispon\u00edvel em: &lt;<a rel=\"noreferrer noopener\" target=\"_blank\" href=\"https:\/\/www.gov.br\/inca\/pt-br\/assuntos\/gestor-e-profissional-de-saude\/controle-do-cancer-de-mama\/acoes\/deteccao-precoce\">gov.br\/inca\/pt-br\/assuntos\/gestor-e-profissional-de-saude\/controle-do-cancer-de-mama\/acoes\/deteccao-precoce<\/a>&gt;. Acesso em: 16 out. 2023.<\/p>\n\n\n\n<p>Instituto Nacional de C\u00e2ncer (INCA). <strong>Fatores de Risco<\/strong>: Fatores relacionados ao aumento do risco de desenvolver o c\u00e2ncer de mama. Brasil: INCA, 2023.<\/p>\n\n\n\n<p>Instituto Nacional de C\u00e2ncer (INCA). Comunica\u00e7\u00e3o, uma estrat\u00e9gia contra o c\u00e2ncer. <strong>Rede C\u00e2ncer<\/strong>, ed. 36, 2016.<\/p>\n\n\n\n<p><strong>Mamografia: entidades e minist\u00e9rio divergem sobre idade m\u00ednima para exame de rotina; veja como funciona<\/strong> &#8211; SBM. Dispon\u00edvel em: &lt;<a rel=\"noreferrer noopener\" target=\"_blank\" href=\"https:\/\/www.sbmastologia.com.br\/mamografia-entidades-e-ministerio-divergem-sobre-idade-minima-para-exame-de-rotina-veja-como-funciona\/\">sbmastologia.com.br\/mamografia-entidades-e-ministerio-divergem-sobre-idade-minima-para-exame-de-rotina-veja-como-funciona<\/a>&gt;. Acesso em: 19 out. 2023.<\/p>\n\n\n\n<p>PAULINELLI, R. R. et al.. A situa\u00e7\u00e3o do c\u00e2ncer de mama em Goi\u00e1s, no Brasil e no mundo: tend\u00eancias atuais para a incid\u00eancia e a mortalidade. <strong>Revista Brasileira de Sa\u00fade Materno Infantil,<\/strong> v. 3, n. 1, p. 17\u201324, jan. 2003.<\/p>\n\n\n\n<p><strong>Rastreamento do c\u00e2ncer de mama na popula\u00e7\u00e3o-alvo<\/strong>. Instituto Nacional de C\u00e2ncer &#8211; Instituto Nacional de C\u00e2ncer (INCA), 2022 . Dispon\u00edvel em: &lt;<a rel=\"noreferrer noopener\" target=\"_blank\" href=\"https:\/\/www.gov.br\/inca\/pt-br\/assuntos\/gestor-e-profissional-de-saude\/controle-do-cancer-de-mama\/dados-e-numeros\/rastreamento-do-cancer-de-mama-na-populacao-alvo\">gov.br\/inca\/pt-br\/assuntos\/gestor-e-profissional-de-saude\/controle-do-cancer-de-mama\/dados-e-numeros\/rastreamento-do-cancer-de-mama-na-populacao-alvo<\/a>&gt;. Acesso em: 17 out. 2023.<\/p>","protected":false},"excerpt":{"rendered":"<p>A partir de indicadores relacionados ao c\u00e2ncer de mama, coletados do Sistema de Informa\u00e7\u00e3o do C\u00e2ncer (SISCAN), a equipe CREC discute acesso ao exame preventivo de c\u00e2ncer de mama na RIDE-DF. Imagem: For\u00e7a A\u00e9rea Brasileira. Produ\u00e7\u00e3o: Leth\u00edcia Nunes | Revis\u00e3o: Pedro Falc\u00e3o e Olga Ma\u00edra | Tempo estim\u00e1vel de leitura: 10min 46sec. O que \u00e9 o Outubro Rosa? Outubro \u00e9 o m\u00eas destinado a conscientizar a&hellip;<\/p>\n<p> <a class=\"more-link\" href=\"https:\/\/sds.unb.br\/es\/indicadores-de-cancer-de-mama-na-ride-df-reflexoes-para-compreender-o-cenario-com-estrategias-de-comunicacao-de-risco-e-engajamento-comunitario\/\">Leer m\u00e1s<\/a><\/p>","protected":false},"author":28,"featured_media":0,"comment_status":"open","ping_status":"open","sticky":false,"template":"","format":"standard","meta":{"footnotes":""},"categories":[210],"tags":[],"tnc_tax_1420":[],"class_list":{"0":"post-33871","1":"post","2":"type-post","3":"status-publish","4":"format-standard","6":"category-sem-categoria-pt"},"views":523,"_links":{"self":[{"href":"https:\/\/sds.unb.br\/es\/wp-json\/wp\/v2\/posts\/33871","targetHints":{"allow":["GET"]}}],"collection":[{"href":"https:\/\/sds.unb.br\/es\/wp-json\/wp\/v2\/posts"}],"about":[{"href":"https:\/\/sds.unb.br\/es\/wp-json\/wp\/v2\/types\/post"}],"author":[{"embeddable":true,"href":"https:\/\/sds.unb.br\/es\/wp-json\/wp\/v2\/users\/28"}],"replies":[{"embeddable":true,"href":"https:\/\/sds.unb.br\/es\/wp-json\/wp\/v2\/comments?post=33871"}],"version-history":[{"count":1,"href":"https:\/\/sds.unb.br\/es\/wp-json\/wp\/v2\/posts\/33871\/revisions"}],"predecessor-version":[{"id":33874,"href":"https:\/\/sds.unb.br\/es\/wp-json\/wp\/v2\/posts\/33871\/revisions\/33874"}],"wp:attachment":[{"href":"https:\/\/sds.unb.br\/es\/wp-json\/wp\/v2\/media?parent=33871"}],"wp:term":[{"taxonomy":"category","embeddable":true,"href":"https:\/\/sds.unb.br\/es\/wp-json\/wp\/v2\/categories?post=33871"},{"taxonomy":"post_tag","embeddable":true,"href":"https:\/\/sds.unb.br\/es\/wp-json\/wp\/v2\/tags?post=33871"},{"taxonomy":"tnc_tax_1420","embeddable":true,"href":"https:\/\/sds.unb.br\/es\/wp-json\/wp\/v2\/tnc_tax_1420?post=33871"}],"curies":[{"name":"wp","href":"https:\/\/api.w.org\/{rel}","templated":true}]}}