{"id":31079,"date":"2023-01-16T15:11:52","date_gmt":"2023-01-16T18:11:52","guid":{"rendered":"https:\/\/sds.unb.br\/?p=31079"},"modified":"2023-01-17T10:25:36","modified_gmt":"2023-01-17T13:25:36","slug":"convocacao-para-entrevistas-epi-ride","status":"publish","type":"post","link":"https:\/\/sds.unb.br\/es\/convocacao-para-entrevistas-epi-ride\/","title":{"rendered":"Convoca\u00e7\u00e3o para entrevistas &#8211; Epi-Ride"},"content":{"rendered":"<p><strong>CHAMADA P\u00daBLICA&nbsp;PROCESSO SIMPLIFICADO DE BOLSISTA PARA ATIVIDADES DE&nbsp;PESQUISA NO PROJETO EPI-RIDE<\/strong><\/p>\n\n\n\n<p>A Coordena\u00e7\u00e3o do Projeto de Pesquisa <strong>\u201cEpi-Ride Fortalecimento de Salas de Situa\u00e7\u00e3o &#8211; Finatec &#8211; 7159&#8243;<\/strong> do Departamento de Sa\u00fade Coletiva da Faculdade de Sa\u00fade da Universidade de Bras\u00edlia (DSC\/FS\/UnB) torna p\u00fablica a homologa\u00e7\u00e3o das inscri\u00e7\u00f5es e os hor\u00e1rios para entrevista.<\/p>\n\n\n\n<ol class=\"wp-block-list\"><li>Resultados da Etapa 1 da chamada p\u00fablica para Bolsista do projeto Epi-Ride<\/li><\/ol>\n\n\n\n<figure class=\"wp-block-table\"><table><tbody><tr><td><strong>Matr\u00edcula<\/strong><\/td><td><strong>Homologa\u00e7\u00e3o<\/strong><\/td><td><strong>Pontua\u00e7\u00e3o da Etapa 1<\/strong><\/td><td><strong>Data e hor\u00e1rio para a Entrevista<\/strong><\/td><\/tr><tr><td>190038152<\/td><td>Deferida<\/td><td>3<\/td><td>&#8211;<\/td><\/tr><tr><td>17\/0015203<\/td><td>Deferida<\/td><td>2<\/td><td>&#8211;<\/td><\/tr><tr><td>211047904<\/td><td>Deferida<\/td><td>3<\/td><td>&#8211;<\/td><\/tr><tr><td>190109386<\/td><td>Deferida<\/td><td>3<\/td><td>&#8211;<\/td><\/tr><tr><td>180025414<\/td><td>Deferida<\/td><td>3<\/td><td>&#8211;<\/td><\/tr><tr><td>190034742<\/td><td>Deferida<\/td><td>1<\/td><td>&#8211;<\/td><\/tr><tr><td>170106497<\/td><td>Indeferida &#8211; n\u00e3o possui os pr\u00e9-requisitos do edital. 4.1 c.<\/td><td>&#8211;<\/td><td>&#8211;<\/td><\/tr><tr><td>190049430<\/td><td>Deferida<\/td><td>4<\/td><td>18\/01\/2023 \u00e0s 15:30<\/td><\/tr><tr><td>19\/0027461<\/td><td>Deferida<\/td><td>4<\/td><td>18\/01\/2023 \u00e0s 15:40<\/td><\/tr><tr><td>190038411<\/td><td>Deferida<\/td><td>6<\/td><td>18\/01\/2023 \u00e0s 15:50<\/td><\/tr><tr><td>190113634<\/td><td>Deferida<\/td><td>0<\/td><td>&#8211;<\/td><\/tr><tr><td>190096811<\/td><td>Deferida<\/td><td>5<\/td><td>18\/01\/2023 \u00e0s 16:10<\/td><\/tr><tr><td>200034596<\/td><td>Deferida<\/td><td>5<\/td><td>18\/01\/2023 \u00e0s 16:20<\/td><\/tr><tr><td>17\/0103510<\/td><td>Deferida<\/td><td>0<\/td><td>&#8211;<\/td><\/tr><tr><td>190033274<\/td><td>Indeferida &#8211; o arquivo enviado n\u00e3o estava dispon\u00edvel<\/td><td>&#8211;<\/td><td>&#8211;<\/td><\/tr><\/tbody><\/table><\/figure>\n\n\n\n<ol class=\"wp-block-list\" start=\"2\"><li>O candidato dever\u00e1 entrar no link :&lt;<a href=\"https:\/\/meet.sds.unb.br\/sds.fortalecimentosalas\">https:\/\/meet.sds.unb.br\/sds.fortalecimentosalas<\/a>&nbsp; &gt; no hor\u00e1rio pr\u00e9-estabelecido acima.&nbsp;<\/li><li>Em caso de d\u00favidas, entre em contato via e mail: epiridesds.unb@gmail.com.<\/li><\/ol>","protected":false},"excerpt":{"rendered":"<p>CHAMADA P\u00daBLICA&nbsp;PROCESSO SIMPLIFICADO DE BOLSISTA PARA ATIVIDADES DE&nbsp;PESQUISA NO PROJETO EPI-RIDE A Coordena\u00e7\u00e3o do Projeto de Pesquisa \u201cEpi-Ride Fortalecimento de Salas de Situa\u00e7\u00e3o &#8211; Finatec &#8211; 7159&#8243; do Departamento de Sa\u00fade Coletiva da Faculdade de Sa\u00fade da Universidade de Bras\u00edlia (DSC\/FS\/UnB) torna p\u00fablica a homologa\u00e7\u00e3o das inscri\u00e7\u00f5es e os hor\u00e1rios para entrevista. Resultados da Etapa 1 da chamada p\u00fablica para Bolsista do projeto Epi-Ride Matr\u00edcula Homologa\u00e7\u00e3o&hellip;<\/p>\n<p> <a class=\"more-link\" href=\"https:\/\/sds.unb.br\/es\/convocacao-para-entrevistas-epi-ride\/\">Leer m\u00e1s<\/a><\/p>","protected":false},"author":28,"featured_media":0,"comment_status":"open","ping_status":"open","sticky":false,"template":"","format":"standard","meta":{"footnotes":""},"categories":[210],"tags":[],"tnc_tax_1420":[],"class_list":{"0":"post-31079","1":"post","2":"type-post","3":"status-publish","4":"format-standard","6":"category-sem-categoria-pt"},"views":432,"_links":{"self":[{"href":"https:\/\/sds.unb.br\/es\/wp-json\/wp\/v2\/posts\/31079","targetHints":{"allow":["GET"]}}],"collection":[{"href":"https:\/\/sds.unb.br\/es\/wp-json\/wp\/v2\/posts"}],"about":[{"href":"https:\/\/sds.unb.br\/es\/wp-json\/wp\/v2\/types\/post"}],"author":[{"embeddable":true,"href":"https:\/\/sds.unb.br\/es\/wp-json\/wp\/v2\/users\/28"}],"replies":[{"embeddable":true,"href":"https:\/\/sds.unb.br\/es\/wp-json\/wp\/v2\/comments?post=31079"}],"version-history":[{"count":2,"href":"https:\/\/sds.unb.br\/es\/wp-json\/wp\/v2\/posts\/31079\/revisions"}],"predecessor-version":[{"id":31093,"href":"https:\/\/sds.unb.br\/es\/wp-json\/wp\/v2\/posts\/31079\/revisions\/31093"}],"wp:attachment":[{"href":"https:\/\/sds.unb.br\/es\/wp-json\/wp\/v2\/media?parent=31079"}],"wp:term":[{"taxonomy":"category","embeddable":true,"href":"https:\/\/sds.unb.br\/es\/wp-json\/wp\/v2\/categories?post=31079"},{"taxonomy":"post_tag","embeddable":true,"href":"https:\/\/sds.unb.br\/es\/wp-json\/wp\/v2\/tags?post=31079"},{"taxonomy":"tnc_tax_1420","embeddable":true,"href":"https:\/\/sds.unb.br\/es\/wp-json\/wp\/v2\/tnc_tax_1420?post=31079"}],"curies":[{"name":"wp","href":"https:\/\/api.w.org\/{rel}","templated":true}]}}