{"id":30802,"date":"2023-01-04T16:03:19","date_gmt":"2023-01-04T19:03:19","guid":{"rendered":"https:\/\/sds.unb.br\/?p=30802"},"modified":"2023-09-18T11:25:52","modified_gmt":"2023-09-18T14:25:52","slug":"carolina-musso","status":"publish","type":"post","link":"https:\/\/sds.unb.br\/es\/carolina-musso\/","title":{"rendered":"<strong>Produ\u00e7\u00e3o de colaboradora da SDS se destaca e \u00e9 reconhecida pela OPAS\/OMS em Washington<\/strong>"},"content":{"rendered":"<p><em>O projeto desenvolvido por Carolina Musso foi eleito uma das quatro melhores experi\u00eancias da rede de informa\u00e7\u00e3o estrat\u00e9gica de vigil\u00e2ncia em sa\u00fade brasileira, Cievs, em 2021<\/em><\/p>\n\n\n\n<p>Por: Malu Sousa | Comunica\u00e7\u00e3o SDS<\/p>\n\n\n\n<p><\/p>\n\n\n\n<p>Entre 14 a 18 de novembro de 2022, os quatro melhores projetos apresentados durante a Expocievs foram convidados a realizar uma visita t\u00e9cnica para troca de experi\u00eancias, no escrit\u00f3rio regional da OPAS em Washington, D.C. Entre os projetos eleitos, estava o da colaboradora da Sala de Situa\u00e7\u00e3o de Sa\u00fade (SDS), Carolina Musso, desempenhado no \u00e2mbito do Cievs\/DF.<\/p>\n\n\n\n<p>O projeto desenvolvido por Carolina, envolvendo atividades de fortalecimento das a\u00e7\u00f5es de resposta da covid-19 no Brasil, ganhou destaque e reconhecimento na 1\u00aa Mostra Competitiva de Experi\u00eancias e Pr\u00e1ticas de Sucesso do Cievs estadual e municipal (Expocievs). Ao todo, participaram 20 projetos de todo o Brasil.<\/p>\n\n\n\n<p>A mostra reuniu e avaliou pr\u00e1ticas de sucesso implementadas pela Rede Cievs no desenvolvimento e aplica\u00e7\u00e3o de ferramentas e a\u00e7\u00f5es difundidas em n\u00edvel estadual, municipal, de fronteira e Departamentos Especiais de Sa\u00fade Ind\u00edgena (DSEI), em rela\u00e7\u00e3o \u00e0 detec\u00e7\u00e3o, verifica\u00e7\u00e3o, alerta, resposta e comunica\u00e7\u00e3o durante a pandemia da covid-19.<\/p>\n\n\n\n<p><em>&#8220;A possibilidade de reunir n\u00edveis desde o municipal at\u00e9 o internacional foi uma oportunidade incr\u00edvel. Compartilhar conhecimentos e experi\u00eancias n\u00e3o s\u00f3 nos permite melhorar os processos, mas tamb\u00e9m conhecer o trabalho uns dos outros, criando mais coes\u00e3o, um senso de comunidade e coopera\u00e7\u00e3o&#8221;<\/em>, relata Carolina Musso.<\/p>\n\n\n\n<p>De acordo com a Organiza\u00e7\u00e3o Pan-Americana da Sa\u00fade, a visita a Washington complementa os esfor\u00e7os do Minist\u00e9rio da Sa\u00fade, e teve o objetivo de favorecer a coopera\u00e7\u00e3o entre os profissionais premiados na Expocievs e a equipe da OPAS\/OMS, que desempenha as fun\u00e7\u00f5es de detec\u00e7\u00e3o, verifica\u00e7\u00e3o e alerta em emerg\u00eancias de sa\u00fade p\u00fablica.<\/p>\n\n\n\n<p>Al\u00e9m de Carolina Musso, profissionais dos Cievs de Santana do Livramento-RS, Campo Grande-MS e Fortaleza-CE participaram do encontro em Washington, D.C.<br><br><\/p>\n\n\n\n<p><img fetchpriority=\"high\" decoding=\"async\" width=\"600\" height=\"900\" class=\"wp-image-30805\" style=\"width: 600px;\" src=\"https:\/\/sds.unb.br\/wp-content\/uploads\/2023\/01\/WhatsApp-Image-2022-12-07-at-20.25.18.jpeg\" alt=\"\" srcset=\"https:\/\/sds.unb.br\/wp-content\/uploads\/2023\/01\/WhatsApp-Image-2022-12-07-at-20.25.18.jpeg 853w, https:\/\/sds.unb.br\/wp-content\/uploads\/2023\/01\/WhatsApp-Image-2022-12-07-at-20.25.18-200x300.jpeg 200w, https:\/\/sds.unb.br\/wp-content\/uploads\/2023\/01\/WhatsApp-Image-2022-12-07-at-20.25.18-682x1024.jpeg 682w, https:\/\/sds.unb.br\/wp-content\/uploads\/2023\/01\/WhatsApp-Image-2022-12-07-at-20.25.18-768x1152.jpeg 768w, https:\/\/sds.unb.br\/wp-content\/uploads\/2023\/01\/WhatsApp-Image-2022-12-07-at-20.25.18-8x12.jpeg 8w, https:\/\/sds.unb.br\/wp-content\/uploads\/2023\/01\/WhatsApp-Image-2022-12-07-at-20.25.18-205x308.jpeg 205w, https:\/\/sds.unb.br\/wp-content\/uploads\/2023\/01\/WhatsApp-Image-2022-12-07-at-20.25.18-480x720.jpeg 480w\" sizes=\"(max-width: 600px) 100vw, 600px\" \/><\/p>\n\n\n\n<p><strong>Cievs<\/strong><\/p>\n\n\n\n<p>Objetivando o fortalecimento das a\u00e7\u00f5es de resposta da covid-19 no Brasil, e as compet\u00eancias nacionais no \u00e2mbito do Regulamento Sanit\u00e1rio Internacional, o Minist\u00e9rio da Sa\u00fade, com o apoio t\u00e9cnico da Organiza\u00e7\u00e3o Pan-Americana da Sa\u00fade\/Organiza\u00e7\u00e3o Mundial da Sa\u00fade (OPAS\/OMS), implementou um projeto para expandir e consolidar a Rede de Centros de Informa\u00e7\u00e3o Estrat\u00e9gica de Vigil\u00e2ncia em Sa\u00fade (Cievs) do Governo Federal.&nbsp;<\/p>\n\n\n\n<p><strong>Trajet\u00f3ria<\/strong><\/p>\n\n\n\n<p>Carolina Musso \u00e9 bacharel e licenciada em biologia pela Universidade de Bras\u00edlia (UnB). <em>\u201cO in\u00edcio da minha trajet\u00f3ria foi focado em Ecologia, e desde ent\u00e3o tamb\u00e9m me aproximei das \u00e1reas exatas e estat\u00edstica, ec\u00f3logos costumam ser ligados a esses temas tamb\u00e9m, e sempre busquei complementar a forma\u00e7\u00e3o com mat\u00e9rias e cursos nessa \u00e1rea.\u201d<\/em><\/p>\n\n\n\n<p>No fim da gradua\u00e7\u00e3o, a bi\u00f3loga foi contemplada com uma bolsa do banco Santander para fazer um interc\u00e2mbio na Universidade de Aveiro, em Portugal, onde estagiou em um laborat\u00f3rio de Ecotoxicologia. Em 2010, durante o interc\u00e2mbio, foi aprovada para fazer o doutorado na mesma universidade, com financiamento da Funda\u00e7\u00e3o para Ci\u00eancia e Tecnologia de Portugal.&nbsp;<\/p>\n\n\n\n<p>Ap\u00f3s defender o doutorado, em 2015, Carolina foi selecionada para uma bolsa de p\u00f3s-doc do programa Ci\u00eancias sem Fronteiras para repatria\u00e7\u00e3o de rec\u00e9m-doutores.&nbsp;<\/p>\n\n\n\n<p><em>\u201cFiquei de 2015 at\u00e9 2018 no Departamento de Ecologia da UnB como p\u00f3s-doc e pesquisadora-colaboradora, nesse per\u00edodo ministrei diversas disciplinas e orientei alunos de est\u00e1gio final.\u201d<\/em><\/p>\n\n\n\n<p>Nesse meio tempo, ela foi aprovada para uma vaga bi\u00f3loga no concurso da Secretaria de Sa\u00fade do DF, onde come\u00e7ou a trabalhar na \u00e1rea de Vigil\u00e2ncia Ambiental e a ter os primeiros contatos com a \u00e1rea de Vigil\u00e2ncia em Sa\u00fade e Epidemiologia.<\/p>\n\n\n\n<p><strong><em>\u201cMinha vida gira em torno do R\u201d<\/em><\/strong><\/p>\n\n\n\n<p>Desde o doutorado, Carolina j\u00e1 havia se aprofundado na linguagem de programa\u00e7\u00e3o R, utilizada para todas as an\u00e1lises estat\u00edsticas e visualiza\u00e7\u00f5es da tese, tendo continuado a utilizar nos trabalhos que foram gerados durante o P\u00f3s-Doc.&nbsp;<\/p>\n\n\n\n<p><em>\u201cEnquanto trabalhei na vigil\u00e2ncia ambiental, n\u00e3o tive muita oportunidade de utilizar essas habilidades em R. Mas tudo mudou quando fui contemplada com uma bolsa de Epidemiologista Junior para o projeto Arbocontrol, na SDS.\u201d<\/em><\/p>\n\n\n\n<p>Ao falar sobre sua carreira, Carolina menciona que em tudo est\u00e1 relacionado com a visita de Washington, D.C., mas de uma forma indireta compreende que est\u00e1. <em>\u201cMinha vida gira em torno do R, e foi isso que rendeu o pr\u00eamio.\u201d<\/em><\/p>\n\n\n\n<p>Desde que come\u00e7ou a trabalhar na Sala de Situa\u00e7\u00e3o de Sa\u00fade (SDS), a bi\u00f3loga se viu diante da oportunidade de aplicar os conhecimentos em R para an\u00e1lises, automatiza\u00e7\u00e3o de processos, entre outras rotinas de trabalho. Mas, no projeto em quest\u00e3o, trabalhou com a avalia\u00e7\u00e3o de sistema da Zika.&nbsp;<\/p>\n\n\n\n<p><em>\u201cPosso dizer que meu ingresso na SDS foi um ponto central para direcionar os conhecimentos em R para epidemiologia e os servi\u00e7os de vigil\u00e2ncia \u00e0 Sa\u00fade, que culminou na automatiza\u00e7\u00e3o da vigil\u00e2ncia da Covid-19 no DF, que por sua vez culminou no pr\u00eamio que me levou a Washington.\u201d<\/em><\/p>\n\n\n\n<p>Ao final da bolsa, Carolina conta que foi recomendada \u00e0 chefia do CIEVS\/DF, pelo coordeandor da SDS, Jonas Brant, para apoiar a miss\u00e3o de automatizar o boletim epidemiol\u00f3gico di\u00e1rio de Covid-19 emitido pelo centro. Assim, a biologa passou a integrar a Vigil\u00e2ncia Ambiental do CIEVS\/DF. <br><\/p>\n\n\n\n<p><em>\u201cDevido ao volume de dados, o setor n\u00e3o estava mais conseguindo analis\u00e1-los em Excel. Ficou impratic\u00e1vel\u201d<\/em>, relata Musso.<\/p>\n\n\n\n<p>Foi por conta dessa automatiza\u00e7\u00e3o do boletim di\u00e1rio, al\u00e9m de outros processos (envio de emails para as regi\u00f5es de sa\u00fade com o banco atualizado daquelas regi\u00f5es), bem como informes menores, todos automatizados em linguagem R, que a equipe de Carolina conseguiu economizar horas de trabalho semanais, al\u00e9m de reduzir a taxa de erros das an\u00e1lises.&nbsp;<\/p>\n\n\n\n<p>Nesse sentido, foram os resultados da automatiza\u00e7\u00e3o do boletim di\u00e1rio de Covid-19 que Carolina e equipe apresentaram no Expocievs de 2021. O Pr\u00eamio foi a visita t\u00e9cnica para Washington, D.C. que s\u00f3 foi concretizada em novembro de 2022 por conta da pandemia.&nbsp;<\/p>\n\n\n\n<p><em>\u201cAtualmente esses servi\u00e7os automatizados s\u00e3o realizados por outro setor (usando o c\u00f3digo que eu escrevi), mostrando que \u00e9 uma an\u00e1lise reprodut\u00edvel\u201d, <\/em>afirma.&nbsp;<\/p>\n\n\n\n<p>Em 2022, no Expocievs II, Carolina apresentou as inova\u00e7\u00f5es no script e transfer\u00eancia da an\u00e1lise para \u00e1rea t\u00e9cnica, conseguindo manter a execu\u00e7\u00e3o de todos esses scripts e atividades e foi novamente premiada, dessa vez em 2\u00ba lugar.&nbsp;<\/p>\n\n\n\n<p>Desde o fim do projeto Arbocontrol, Musso atua na SDS como especialista, tendo contribu\u00eddo, principalmente, com o grupo dos Guardi\u00f5es da Sa\u00fade na automatiza\u00e7\u00e3o das an\u00e1lises epidemiol\u00f3gicas das bases. Al\u00e9m disso, colabora com aulas eventuais e, tamb\u00e9m, mantendo o contato com o Departamento de Estat\u00edstica da UnB para proporcionar cursos gratuitos na \u00e1rea de programa\u00e7\u00e3o para os integrantes da sala.<\/p>\n\n\n\n<p><strong>Minist\u00e9rio da Sa\u00fade<\/strong><\/p>\n\n\n\n<p>Atualmente, Carolina atua como consultora t\u00e9cnica no Minist\u00e9rio da Sa\u00fade, apoiando a equipe de an\u00e1lise com automatiza\u00e7\u00f5es em R, e junto \u00e0 Profesp, com cursos e forma\u00e7\u00e3o em R.&nbsp;<\/p>\n\n\n\n<p><em>\u201cNo in\u00edcio de 2022,&nbsp; ministrei um curso no Minist\u00e9rio da Sa\u00fade, cujo relato foi selecionado para apresenta\u00e7\u00e3o na Confer\u00eancia Latino Americana de R em outubro.\u201d<\/em><\/p>\n\n\n\n<p>Carolina Musso tamb\u00e9m possui especializa\u00e7\u00e3o em Ci\u00eancia de Dados pelo Ceub, tendo apresentado como tcc uma automatiza\u00e7\u00e3o para melhora da qualidade do banco de dados da Dengue do Sinan, que tamb\u00e9m foi apresentado no congresso de Medicina Tropical, em Bel\u00e9m-PA, e, de acordo com a bi\u00f3loga, tem ajudado muito a \u00e1rea t\u00e9cnica das arboviroses a desafogar o volume de trabalho.&nbsp;<\/p>\n\n\n\n<p>.<\/p>\n\n\n\n<p><strong>Confira mais trabalhos de Carolina Musso:<\/strong><\/p>\n\n\n\n<p>Site onde \u00e9 publicado o boletim automatizado (que \u00e9 emitido at\u00e9 hoje, mas agora pela \u00e1rea tecnica da gripe, mas usando os scripts desenvolvidos por Carolina Musso): <a href=\"https:\/\/www.saude.df.gov.br\/boletinsinformativos-divep-cieves\">https:\/\/www.saude.df.gov.br\/boletinsinformativos-divep-cieves<\/a><\/p>\n\n\n\n<p>Automatiza\u00e7\u00e3o de informa\u00e7\u00e3o de \u00f3bitos: congresso de E-vigilancia (pag. 18): <a href=\"https:\/\/e-vigilancia.dengue.mat.br\/images\/e_vigilancia_2021.pdf\">https:\/\/e-vigilancia.dengue.mat.br\/images\/e_vigilancia_2021.pdf<\/a>&nbsp;<\/p>\n\n\n\n<p>Apresenta\u00e7\u00e3o da automatiza\u00e7\u00e3o do envio de e-mails, apresentado no RDay:&nbsp; <a href=\"https:\/\/www.youtube.com\/watch?v=gB9f0wmdth8\">https:\/\/www.youtube.com\/watch?v=gB9f0wmdth8<\/a>&nbsp;<\/p>\n\n\n\n<p>Trabalho apresentado pelos Guardi\u00f5es da Sa\u00fade da SDS no RDay, com as automatiza\u00e7\u00f5es das an\u00e1lises deles: <a href=\"https:\/\/www.youtube.com\/watch?v=51R2O5bdMLE&amp;t=3s\">https:\/\/www.youtube.com\/watch?v=51R2O5bdMLE&amp;t=3s<\/a>&nbsp;<\/p>\n\n\n\n<p>Trabalho de TCC da p\u00f3s no Ceub sobre automatiza\u00e7\u00f5es para area da Dengue: <a href=\"https:\/\/repositorio.uniceub.br\/jspui\/bitstream\/prefix\/16246\/1\/Carolina%20Musso%20%281%29.pdf\">https:\/\/repositorio.uniceub.br\/jspui\/bitstream\/prefix\/16246\/1\/Carolina%20Musso%20%281%29.pdf<\/a>&nbsp;<\/p>\n\n\n\n<p>Apresenta\u00e7\u00e3o do curso que R, ministrado no MS que foi apresentado no Latin-R: <a href=\"https:\/\/www.youtube.com\/watch?v=6PILgf_1ZOI\">https:\/\/www.youtube.com\/watch?v=6PILgf_1ZOI<\/a>&nbsp;<\/p>\n\n\n\n<p>Aulas ministradas na SDS sobre R:<\/p>\n\n\n\n<figure class=\"wp-block-embed is-type-video is-provider-youtube wp-block-embed-youtube wp-embed-aspect-16-9 wp-has-aspect-ratio\"><div class=\"wp-block-embed__wrapper\">\n<iframe title=\"Ciclo de aulas semanais SDS - An\u00e1lise de Dados em Sa\u00fade\" width=\"800\" height=\"450\" src=\"https:\/\/www.youtube.com\/embed\/LkAzLDEgGgk?feature=oembed\" frameborder=\"0\" allow=\"accelerometer; autoplay; clipboard-write; encrypted-media; gyroscope; picture-in-picture; web-share\" allowfullscreen><\/iframe>\n<\/div><\/figure>\n\n\n\n<figure class=\"wp-block-embed is-type-video is-provider-youtube wp-block-embed-youtube wp-embed-aspect-16-9 wp-has-aspect-ratio\"><div class=\"wp-block-embed__wrapper\">\n<iframe title=\"Aula Import\u00e2ncia do R\" width=\"800\" height=\"450\" src=\"https:\/\/www.youtube.com\/embed\/AgmOlK0ABx8?start=10&#038;feature=oembed\" frameborder=\"0\" allow=\"accelerometer; autoplay; clipboard-write; encrypted-media; gyroscope; picture-in-picture; web-share\" allowfullscreen><\/iframe>\n<\/div><\/figure>","protected":false},"excerpt":{"rendered":"<p>O projeto desenvolvido por Carolina Musso foi eleito uma das quatro melhores experi\u00eancias da rede de informa\u00e7\u00e3o estrat\u00e9gica de vigil\u00e2ncia em sa\u00fade brasileira, Cievs, em 2021 Por: Malu Sousa | Comunica\u00e7\u00e3o SDS Entre 14 a 18 de novembro de 2022, os quatro melhores projetos apresentados durante a Expocievs foram convidados a realizar uma visita t\u00e9cnica para troca de experi\u00eancias, no escrit\u00f3rio regional da OPAS em Washington,&hellip;<\/p>\n<p> <a class=\"more-link\" href=\"https:\/\/sds.unb.br\/es\/carolina-musso\/\">Leer m\u00e1s<\/a><\/p>","protected":false},"author":28,"featured_media":30805,"comment_status":"open","ping_status":"open","sticky":false,"template":"","format":"standard","meta":{"footnotes":""},"categories":[197,156],"tags":[],"tnc_tax_1420":[],"class_list":{"0":"post-30802","1":"post","2":"type-post","3":"status-publish","4":"format-standard","5":"has-post-thumbnail","7":"category-banner_home","8":"category-noticias"},"views":905,"_links":{"self":[{"href":"https:\/\/sds.unb.br\/es\/wp-json\/wp\/v2\/posts\/30802","targetHints":{"allow":["GET"]}}],"collection":[{"href":"https:\/\/sds.unb.br\/es\/wp-json\/wp\/v2\/posts"}],"about":[{"href":"https:\/\/sds.unb.br\/es\/wp-json\/wp\/v2\/types\/post"}],"author":[{"embeddable":true,"href":"https:\/\/sds.unb.br\/es\/wp-json\/wp\/v2\/users\/28"}],"replies":[{"embeddable":true,"href":"https:\/\/sds.unb.br\/es\/wp-json\/wp\/v2\/comments?post=30802"}],"version-history":[{"count":4,"href":"https:\/\/sds.unb.br\/es\/wp-json\/wp\/v2\/posts\/30802\/revisions"}],"predecessor-version":[{"id":33477,"href":"https:\/\/sds.unb.br\/es\/wp-json\/wp\/v2\/posts\/30802\/revisions\/33477"}],"wp:featuredmedia":[{"embeddable":true,"href":"https:\/\/sds.unb.br\/es\/wp-json\/wp\/v2\/media\/30805"}],"wp:attachment":[{"href":"https:\/\/sds.unb.br\/es\/wp-json\/wp\/v2\/media?parent=30802"}],"wp:term":[{"taxonomy":"category","embeddable":true,"href":"https:\/\/sds.unb.br\/es\/wp-json\/wp\/v2\/categories?post=30802"},{"taxonomy":"post_tag","embeddable":true,"href":"https:\/\/sds.unb.br\/es\/wp-json\/wp\/v2\/tags?post=30802"},{"taxonomy":"tnc_tax_1420","embeddable":true,"href":"https:\/\/sds.unb.br\/es\/wp-json\/wp\/v2\/tnc_tax_1420?post=30802"}],"curies":[{"name":"wp","href":"https:\/\/api.w.org\/{rel}","templated":true}]}}