{"id":30746,"date":"2022-12-07T21:44:47","date_gmt":"2022-12-08T00:44:47","guid":{"rendered":"https:\/\/sds.unb.br\/?p=30746"},"modified":"2022-12-07T21:44:48","modified_gmt":"2022-12-08T00:44:48","slug":"sds-na-midia-mesmo-apos-21-dias-sem-mortes-por-covid-19-no-df-pandemia-ainda-preocupa","status":"publish","type":"post","link":"https:\/\/sds.unb.br\/es\/sds-na-midia-mesmo-apos-21-dias-sem-mortes-por-covid-19-no-df-pandemia-ainda-preocupa\/","title":{"rendered":"SDS na m\u00eddia &#8211; Mesmo ap\u00f3s 21 dias sem mortes por covid-19 no DF, pandemia ainda preocupa"},"content":{"rendered":"<p>Confira a mat\u00e9ria publicada no Correio Braziliense com a participa\u00e7\u00e3o de Jonas Brant, coordenador da Sala de Situa\u00e7\u00e3o de Sa\u00fade FS\/UnB em 01\/09\/2022 <a href=\"https:\/\/www.correiobraziliense.com.br\/cidades-df\/2022\/09\/5033238-mesmo-apos-21-dias-sem-mortes-por-covid-19-no-df-pandemia-ainda-preocupa.html\">aqui<\/a>.<\/p>","protected":false},"excerpt":{"rendered":"<p>Confira a mat\u00e9ria publicada no Correio Braziliense com a participa\u00e7\u00e3o de Jonas Brant, coordenador da Sala de Situa\u00e7\u00e3o de Sa\u00fade FS\/UnB em 01\/09\/2022 aqui.<\/p>","protected":false},"author":28,"featured_media":26241,"comment_status":"open","ping_status":"open","sticky":false,"template":"","format":"standard","meta":{"footnotes":""},"categories":[199],"tags":[],"tnc_tax_1420":[],"class_list":{"0":"post-30746","1":"post","2":"type-post","3":"status-publish","4":"format-standard","5":"has-post-thumbnail","7":"category-sds-na-midia"},"views":424,"_links":{"self":[{"href":"https:\/\/sds.unb.br\/es\/wp-json\/wp\/v2\/posts\/30746","targetHints":{"allow":["GET"]}}],"collection":[{"href":"https:\/\/sds.unb.br\/es\/wp-json\/wp\/v2\/posts"}],"about":[{"href":"https:\/\/sds.unb.br\/es\/wp-json\/wp\/v2\/types\/post"}],"author":[{"embeddable":true,"href":"https:\/\/sds.unb.br\/es\/wp-json\/wp\/v2\/users\/28"}],"replies":[{"embeddable":true,"href":"https:\/\/sds.unb.br\/es\/wp-json\/wp\/v2\/comments?post=30746"}],"version-history":[{"count":1,"href":"https:\/\/sds.unb.br\/es\/wp-json\/wp\/v2\/posts\/30746\/revisions"}],"predecessor-version":[{"id":30747,"href":"https:\/\/sds.unb.br\/es\/wp-json\/wp\/v2\/posts\/30746\/revisions\/30747"}],"wp:featuredmedia":[{"embeddable":true,"href":"https:\/\/sds.unb.br\/es\/wp-json\/wp\/v2\/media\/26241"}],"wp:attachment":[{"href":"https:\/\/sds.unb.br\/es\/wp-json\/wp\/v2\/media?parent=30746"}],"wp:term":[{"taxonomy":"category","embeddable":true,"href":"https:\/\/sds.unb.br\/es\/wp-json\/wp\/v2\/categories?post=30746"},{"taxonomy":"post_tag","embeddable":true,"href":"https:\/\/sds.unb.br\/es\/wp-json\/wp\/v2\/tags?post=30746"},{"taxonomy":"tnc_tax_1420","embeddable":true,"href":"https:\/\/sds.unb.br\/es\/wp-json\/wp\/v2\/tnc_tax_1420?post=30746"}],"curies":[{"name":"wp","href":"https:\/\/api.w.org\/{rel}","templated":true}]}}