{"id":30718,"date":"2022-12-07T16:01:36","date_gmt":"2022-12-07T19:01:36","guid":{"rendered":"https:\/\/sds.unb.br\/?p=30718"},"modified":"2022-12-07T16:01:38","modified_gmt":"2022-12-07T19:01:38","slug":"sds-na-midia-dengue-matou-752-brasileiros-neste-ano-205-a-mais-do-que-em-2021","status":"publish","type":"post","link":"https:\/\/sds.unb.br\/es\/sds-na-midia-dengue-matou-752-brasileiros-neste-ano-205-a-mais-do-que-em-2021\/","title":{"rendered":"SDS na m\u00eddia &#8211; Dengue matou 752 brasileiros neste ano, 205% a mais do que em 2021"},"content":{"rendered":"<p>Confira a mat\u00e9ria publicada no IG com a participa\u00e7\u00e3o de Jonas Brant, coordenador da Sala de Situa\u00e7\u00e3o de Sa\u00fade FS\/UnB em 04\/08\/2022 <a href=\"https:\/\/saude.ig.com.br\/2022-08-04\/dengue-matou-brasileiros-doenca-alerta.html\">aqui<\/a>.<\/p>","protected":false},"excerpt":{"rendered":"<p>Confira a mat\u00e9ria publicada no IG com a participa\u00e7\u00e3o de Jonas Brant, coordenador da Sala de Situa\u00e7\u00e3o de Sa\u00fade FS\/UnB em 04\/08\/2022 aqui.<\/p>","protected":false},"author":28,"featured_media":30719,"comment_status":"open","ping_status":"open","sticky":false,"template":"","format":"standard","meta":{"footnotes":""},"categories":[199],"tags":[],"tnc_tax_1420":[],"class_list":{"0":"post-30718","1":"post","2":"type-post","3":"status-publish","4":"format-standard","5":"has-post-thumbnail","7":"category-sds-na-midia"},"views":329,"_links":{"self":[{"href":"https:\/\/sds.unb.br\/es\/wp-json\/wp\/v2\/posts\/30718","targetHints":{"allow":["GET"]}}],"collection":[{"href":"https:\/\/sds.unb.br\/es\/wp-json\/wp\/v2\/posts"}],"about":[{"href":"https:\/\/sds.unb.br\/es\/wp-json\/wp\/v2\/types\/post"}],"author":[{"embeddable":true,"href":"https:\/\/sds.unb.br\/es\/wp-json\/wp\/v2\/users\/28"}],"replies":[{"embeddable":true,"href":"https:\/\/sds.unb.br\/es\/wp-json\/wp\/v2\/comments?post=30718"}],"version-history":[{"count":1,"href":"https:\/\/sds.unb.br\/es\/wp-json\/wp\/v2\/posts\/30718\/revisions"}],"predecessor-version":[{"id":30720,"href":"https:\/\/sds.unb.br\/es\/wp-json\/wp\/v2\/posts\/30718\/revisions\/30720"}],"wp:featuredmedia":[{"embeddable":true,"href":"https:\/\/sds.unb.br\/es\/wp-json\/wp\/v2\/media\/30719"}],"wp:attachment":[{"href":"https:\/\/sds.unb.br\/es\/wp-json\/wp\/v2\/media?parent=30718"}],"wp:term":[{"taxonomy":"category","embeddable":true,"href":"https:\/\/sds.unb.br\/es\/wp-json\/wp\/v2\/categories?post=30718"},{"taxonomy":"post_tag","embeddable":true,"href":"https:\/\/sds.unb.br\/es\/wp-json\/wp\/v2\/tags?post=30718"},{"taxonomy":"tnc_tax_1420","embeddable":true,"href":"https:\/\/sds.unb.br\/es\/wp-json\/wp\/v2\/tnc_tax_1420?post=30718"}],"curies":[{"name":"wp","href":"https:\/\/api.w.org\/{rel}","templated":true}]}}