{"id":30673,"date":"2022-12-07T15:11:36","date_gmt":"2022-12-07T18:11:36","guid":{"rendered":"https:\/\/sds.unb.br\/?p=30673"},"modified":"2022-12-07T15:11:38","modified_gmt":"2022-12-07T18:11:38","slug":"sds-na-midia-dengue-com-585-mortes-em-2022-pais-ja-tem-mais-do-que-o-dobro-de-vitimas-do-ano-passado","status":"publish","type":"post","link":"https:\/\/sds.unb.br\/es\/sds-na-midia-dengue-com-585-mortes-em-2022-pais-ja-tem-mais-do-que-o-dobro-de-vitimas-do-ano-passado\/","title":{"rendered":"SDS na m\u00eddia &#8211; DENGUE: com 585 mortes em 2022, pa\u00eds j\u00e1 tem mais do que o dobro de v\u00edtimas do ano passado"},"content":{"rendered":"<p>Confira a mat\u00e9ria publicada no +Brasil News com a participa\u00e7\u00e3o de Jonas Brant, coordenador da Sala de Situa\u00e7\u00e3o de Sa\u00fade FS\/UnB em 27\/06\/2022 <a href=\"https:\/\/www.youtube.com\/watch?v=djuOctOSa9g\">aqui<\/a> e <a href=\"https:\/\/maisbrasil.news\/2022\/06\/27\/dengue-com-585-mortes-em-2022-pais-ja-tem-mais-do-que-o-dobro-de-vitimas-do-ano-passado\/\">aqui<\/a>.<\/p>","protected":false},"excerpt":{"rendered":"<p>Confira a mat\u00e9ria publicada no +Brasil News com a participa\u00e7\u00e3o de Jonas Brant, coordenador da Sala de Situa\u00e7\u00e3o de Sa\u00fade FS\/UnB em 27\/06\/2022 aqui e aqui.<\/p>","protected":false},"author":28,"featured_media":30688,"comment_status":"open","ping_status":"open","sticky":false,"template":"","format":"standard","meta":{"footnotes":""},"categories":[199],"tags":[],"tnc_tax_1420":[],"class_list":{"0":"post-30673","1":"post","2":"type-post","3":"status-publish","4":"format-standard","5":"has-post-thumbnail","7":"category-sds-na-midia"},"views":328,"_links":{"self":[{"href":"https:\/\/sds.unb.br\/es\/wp-json\/wp\/v2\/posts\/30673","targetHints":{"allow":["GET"]}}],"collection":[{"href":"https:\/\/sds.unb.br\/es\/wp-json\/wp\/v2\/posts"}],"about":[{"href":"https:\/\/sds.unb.br\/es\/wp-json\/wp\/v2\/types\/post"}],"author":[{"embeddable":true,"href":"https:\/\/sds.unb.br\/es\/wp-json\/wp\/v2\/users\/28"}],"replies":[{"embeddable":true,"href":"https:\/\/sds.unb.br\/es\/wp-json\/wp\/v2\/comments?post=30673"}],"version-history":[{"count":1,"href":"https:\/\/sds.unb.br\/es\/wp-json\/wp\/v2\/posts\/30673\/revisions"}],"predecessor-version":[{"id":30689,"href":"https:\/\/sds.unb.br\/es\/wp-json\/wp\/v2\/posts\/30673\/revisions\/30689"}],"wp:featuredmedia":[{"embeddable":true,"href":"https:\/\/sds.unb.br\/es\/wp-json\/wp\/v2\/media\/30688"}],"wp:attachment":[{"href":"https:\/\/sds.unb.br\/es\/wp-json\/wp\/v2\/media?parent=30673"}],"wp:term":[{"taxonomy":"category","embeddable":true,"href":"https:\/\/sds.unb.br\/es\/wp-json\/wp\/v2\/categories?post=30673"},{"taxonomy":"post_tag","embeddable":true,"href":"https:\/\/sds.unb.br\/es\/wp-json\/wp\/v2\/tags?post=30673"},{"taxonomy":"tnc_tax_1420","embeddable":true,"href":"https:\/\/sds.unb.br\/es\/wp-json\/wp\/v2\/tnc_tax_1420?post=30673"}],"curies":[{"name":"wp","href":"https:\/\/api.w.org\/{rel}","templated":true}]}}