{"id":30670,"date":"2022-12-07T14:48:11","date_gmt":"2022-12-07T17:48:11","guid":{"rendered":"https:\/\/sds.unb.br\/?p=30670"},"modified":"2022-12-07T15:11:28","modified_gmt":"2022-12-07T18:11:28","slug":"sds-na-midia-df-teve-mais-de-55-mil-casos-de-dengue-registrados-em-2022","status":"publish","type":"post","link":"https:\/\/sds.unb.br\/es\/sds-na-midia-df-teve-mais-de-55-mil-casos-de-dengue-registrados-em-2022\/","title":{"rendered":"SDS na m\u00eddia &#8211; DF teve mais de 55 mil casos de dengue registrados em 2022"},"content":{"rendered":"<p>Confira a mat\u00e9ria veiculada no Bom Dia DF com a participa\u00e7\u00e3o de Jonas Brant, coordenador da Sala de Situa\u00e7\u00e3o de Sa\u00fade FS\/UnB em 27\/06\/2022 <a href=\"https:\/\/g1.globo.com\/df\/distrito-federal\/bom-dia-df\/video\/df-teve-mais-de-55-mil-casos-de-dengue-registrados-em-2022-10705310.ghtml\">aqui<\/a>.<\/p>","protected":false},"excerpt":{"rendered":"<p>Confira a mat\u00e9ria veiculada no Bom Dia DF com a participa\u00e7\u00e3o de Jonas Brant, coordenador da Sala de Situa\u00e7\u00e3o de Sa\u00fade FS\/UnB em 27\/06\/2022 aqui.<\/p>","protected":false},"author":28,"featured_media":27222,"comment_status":"open","ping_status":"open","sticky":false,"template":"","format":"standard","meta":{"footnotes":""},"categories":[199],"tags":[],"tnc_tax_1420":[],"class_list":{"0":"post-30670","1":"post","2":"type-post","3":"status-publish","4":"format-standard","5":"has-post-thumbnail","7":"category-sds-na-midia"},"views":352,"_links":{"self":[{"href":"https:\/\/sds.unb.br\/es\/wp-json\/wp\/v2\/posts\/30670","targetHints":{"allow":["GET"]}}],"collection":[{"href":"https:\/\/sds.unb.br\/es\/wp-json\/wp\/v2\/posts"}],"about":[{"href":"https:\/\/sds.unb.br\/es\/wp-json\/wp\/v2\/types\/post"}],"author":[{"embeddable":true,"href":"https:\/\/sds.unb.br\/es\/wp-json\/wp\/v2\/users\/28"}],"replies":[{"embeddable":true,"href":"https:\/\/sds.unb.br\/es\/wp-json\/wp\/v2\/comments?post=30670"}],"version-history":[{"count":2,"href":"https:\/\/sds.unb.br\/es\/wp-json\/wp\/v2\/posts\/30670\/revisions"}],"predecessor-version":[{"id":30694,"href":"https:\/\/sds.unb.br\/es\/wp-json\/wp\/v2\/posts\/30670\/revisions\/30694"}],"wp:featuredmedia":[{"embeddable":true,"href":"https:\/\/sds.unb.br\/es\/wp-json\/wp\/v2\/media\/27222"}],"wp:attachment":[{"href":"https:\/\/sds.unb.br\/es\/wp-json\/wp\/v2\/media?parent=30670"}],"wp:term":[{"taxonomy":"category","embeddable":true,"href":"https:\/\/sds.unb.br\/es\/wp-json\/wp\/v2\/categories?post=30670"},{"taxonomy":"post_tag","embeddable":true,"href":"https:\/\/sds.unb.br\/es\/wp-json\/wp\/v2\/tags?post=30670"},{"taxonomy":"tnc_tax_1420","embeddable":true,"href":"https:\/\/sds.unb.br\/es\/wp-json\/wp\/v2\/tnc_tax_1420?post=30670"}],"curies":[{"name":"wp","href":"https:\/\/api.w.org\/{rel}","templated":true}]}}