{"id":28066,"date":"2022-06-20T17:32:05","date_gmt":"2022-06-20T20:32:05","guid":{"rendered":"https:\/\/sds.unb.br\/?p=28066"},"modified":"2022-06-20T17:32:06","modified_gmt":"2022-06-20T20:32:06","slug":"sds-na-midia-pessoas-relatam-dificuldade-para-fazer-teste-de-covid-nos-postos-de-saude","status":"publish","type":"post","link":"https:\/\/sds.unb.br\/es\/sds-na-midia-pessoas-relatam-dificuldade-para-fazer-teste-de-covid-nos-postos-de-saude\/","title":{"rendered":"SDS na m\u00eddia &#8211; Pessoas relatam dificuldade para fazer teste de Covid nos postos de sa\u00fade"},"content":{"rendered":"<p>Confira a mat\u00e9ria veiculada no Globo DF1  com a participa\u00e7\u00e3o de Marcela Santos da Sala de Situa\u00e7\u00e3o de Sa\u00fade FS\/UnB em 01\/06\/2022 <a href=\"https:\/\/g1.globo.com\/df\/distrito-federal\/bom-dia-df\/video\/pessoas-relatam-dificuldade-para-fazer-teste-de-covid-nos-postos-de-saude-10628481.ghtml\" data-type=\"URL\" data-id=\"https:\/\/g1.globo.com\/df\/distrito-federal\/bom-dia-df\/video\/pessoas-relatam-dificuldade-para-fazer-teste-de-covid-nos-postos-de-saude-10628481.ghtml\">aqui.<\/a><\/p>\n\n\n\n<p><\/p>\n\n\n\n<p><\/p>","protected":false},"excerpt":{"rendered":"<p>Confira a mat\u00e9ria veiculada no Globo DF1 com a participa\u00e7\u00e3o de Marcela Santos da Sala de Situa\u00e7\u00e3o de Sa\u00fade FS\/UnB em 01\/06\/2022 aqui.<\/p>","protected":false},"author":28,"featured_media":27213,"comment_status":"open","ping_status":"open","sticky":false,"template":"","format":"standard","meta":{"footnotes":""},"categories":[199],"tags":[],"tnc_tax_1420":[],"class_list":{"0":"post-28066","1":"post","2":"type-post","3":"status-publish","4":"format-standard","5":"has-post-thumbnail","7":"category-sds-na-midia"},"views":465,"_links":{"self":[{"href":"https:\/\/sds.unb.br\/es\/wp-json\/wp\/v2\/posts\/28066","targetHints":{"allow":["GET"]}}],"collection":[{"href":"https:\/\/sds.unb.br\/es\/wp-json\/wp\/v2\/posts"}],"about":[{"href":"https:\/\/sds.unb.br\/es\/wp-json\/wp\/v2\/types\/post"}],"author":[{"embeddable":true,"href":"https:\/\/sds.unb.br\/es\/wp-json\/wp\/v2\/users\/28"}],"replies":[{"embeddable":true,"href":"https:\/\/sds.unb.br\/es\/wp-json\/wp\/v2\/comments?post=28066"}],"version-history":[{"count":2,"href":"https:\/\/sds.unb.br\/es\/wp-json\/wp\/v2\/posts\/28066\/revisions"}],"predecessor-version":[{"id":28068,"href":"https:\/\/sds.unb.br\/es\/wp-json\/wp\/v2\/posts\/28066\/revisions\/28068"}],"wp:featuredmedia":[{"embeddable":true,"href":"https:\/\/sds.unb.br\/es\/wp-json\/wp\/v2\/media\/27213"}],"wp:attachment":[{"href":"https:\/\/sds.unb.br\/es\/wp-json\/wp\/v2\/media?parent=28066"}],"wp:term":[{"taxonomy":"category","embeddable":true,"href":"https:\/\/sds.unb.br\/es\/wp-json\/wp\/v2\/categories?post=28066"},{"taxonomy":"post_tag","embeddable":true,"href":"https:\/\/sds.unb.br\/es\/wp-json\/wp\/v2\/tags?post=28066"},{"taxonomy":"tnc_tax_1420","embeddable":true,"href":"https:\/\/sds.unb.br\/es\/wp-json\/wp\/v2\/tnc_tax_1420?post=28066"}],"curies":[{"name":"wp","href":"https:\/\/api.w.org\/{rel}","templated":true}]}}