{"id":27727,"date":"2022-05-27T09:51:22","date_gmt":"2022-05-27T12:51:22","guid":{"rendered":"https:\/\/sds.unb.br\/?p=27727"},"modified":"2022-06-02T22:04:07","modified_gmt":"2022-06-03T01:04:07","slug":"sds-na-midia-com-subida-da-covid-no-brasil-especialistas-recomendam-uso-de-mascaras","status":"publish","type":"post","link":"https:\/\/sds.unb.br\/es\/sds-na-midia-com-subida-da-covid-no-brasil-especialistas-recomendam-uso-de-mascaras\/","title":{"rendered":"SDS na m\u00eddia &#8211; Com subida da covid no Brasil, especialistas recomendam uso de m\u00e1scaras"},"content":{"rendered":"<p>Confira a mat\u00e9ria publicada no Correio Braziliense com a participa\u00e7\u00e3o de Jonas Brant, coordenador da Sala de Situa\u00e7\u00e3o de Sa\u00fade FS\/UnB, em 23\/05\/2022 <a href=\"https:\/\/www.correiobraziliense.com.br\/brasil\/2022\/05\/5010027-com-subida-da-covid-no-brasil-especialistas-recomendam-uso-de-mascaras.html\" data-type=\"URL\" data-id=\"https:\/\/www.correiobraziliense.com.br\/brasil\/2022\/05\/5010027-com-subida-da-covid-no-brasil-especialistas-recomendam-uso-de-mascaras.html\">aqui<\/a>.<\/p>","protected":false},"excerpt":{"rendered":"<p>Confira a mat\u00e9ria publicada no Correio Braziliense com a participa\u00e7\u00e3o de Jonas Brant, coordenador da Sala de Situa\u00e7\u00e3o de Sa\u00fade FS\/UnB, em 23\/05\/2022 aqui.<\/p>","protected":false},"author":28,"featured_media":26241,"comment_status":"open","ping_status":"open","sticky":false,"template":"","format":"standard","meta":{"footnotes":""},"categories":[199],"tags":[],"tnc_tax_1420":[],"class_list":{"0":"post-27727","1":"post","2":"type-post","3":"status-publish","4":"format-standard","5":"has-post-thumbnail","7":"category-sds-na-midia"},"views":417,"_links":{"self":[{"href":"https:\/\/sds.unb.br\/es\/wp-json\/wp\/v2\/posts\/27727","targetHints":{"allow":["GET"]}}],"collection":[{"href":"https:\/\/sds.unb.br\/es\/wp-json\/wp\/v2\/posts"}],"about":[{"href":"https:\/\/sds.unb.br\/es\/wp-json\/wp\/v2\/types\/post"}],"author":[{"embeddable":true,"href":"https:\/\/sds.unb.br\/es\/wp-json\/wp\/v2\/users\/28"}],"replies":[{"embeddable":true,"href":"https:\/\/sds.unb.br\/es\/wp-json\/wp\/v2\/comments?post=27727"}],"version-history":[{"count":1,"href":"https:\/\/sds.unb.br\/es\/wp-json\/wp\/v2\/posts\/27727\/revisions"}],"predecessor-version":[{"id":27728,"href":"https:\/\/sds.unb.br\/es\/wp-json\/wp\/v2\/posts\/27727\/revisions\/27728"}],"wp:featuredmedia":[{"embeddable":true,"href":"https:\/\/sds.unb.br\/es\/wp-json\/wp\/v2\/media\/26241"}],"wp:attachment":[{"href":"https:\/\/sds.unb.br\/es\/wp-json\/wp\/v2\/media?parent=27727"}],"wp:term":[{"taxonomy":"category","embeddable":true,"href":"https:\/\/sds.unb.br\/es\/wp-json\/wp\/v2\/categories?post=27727"},{"taxonomy":"post_tag","embeddable":true,"href":"https:\/\/sds.unb.br\/es\/wp-json\/wp\/v2\/tags?post=27727"},{"taxonomy":"tnc_tax_1420","embeddable":true,"href":"https:\/\/sds.unb.br\/es\/wp-json\/wp\/v2\/tnc_tax_1420?post=27727"}],"curies":[{"name":"wp","href":"https:\/\/api.w.org\/{rel}","templated":true}]}}