{"id":27228,"date":"2022-05-09T18:54:48","date_gmt":"2022-05-09T21:54:48","guid":{"rendered":"https:\/\/sds.unb.br\/?p=27228"},"modified":"2022-05-09T18:54:49","modified_gmt":"2022-05-09T21:54:49","slug":"sds-na-midia-covid-df-vive-flexibilizacao-com-cautela-depois-de-dia-sem-registro-de-mortes-pela-doenca","status":"publish","type":"post","link":"https:\/\/sds.unb.br\/es\/sds-na-midia-covid-df-vive-flexibilizacao-com-cautela-depois-de-dia-sem-registro-de-mortes-pela-doenca\/","title":{"rendered":"SDS na m\u00eddia &#8211; Covid: DF vive flexibiliza\u00e7\u00e3o com cautela depois de dia sem registro de mortes pela doen\u00e7a"},"content":{"rendered":"<p>Confira a mat\u00e9ria publicada no portal O Globo com a participa\u00e7\u00e3o de Mauro Sanchez, coordenador adjunto da Sala de Situa\u00e7\u00e3o de Sa\u00fade FS\/UnB em 08\/05\/2022 <a href=\"https:\/\/oglobo.globo.com\/saude\/noticia\/2022\/05\/covid-df-vive-flexibilizacao-com-cautela-depois-de-dia-sem-registro-de-mortes-pela-doenca.ghtml\" data-type=\"URL\" data-id=\"https:\/\/oglobo.globo.com\/saude\/noticia\/2022\/05\/covid-df-vive-flexibilizacao-com-cautela-depois-de-dia-sem-registro-de-mortes-pela-doenca.ghtml\">aqui<\/a>. <\/p>","protected":false},"excerpt":{"rendered":"<p>Confira a mat\u00e9ria publicada no portal O Globo com a participa\u00e7\u00e3o de Mauro Sanchez, coordenador adjunto da Sala de Situa\u00e7\u00e3o de Sa\u00fade FS\/UnB em 08\/05\/2022 aqui.<\/p>","protected":false},"author":28,"featured_media":27229,"comment_status":"open","ping_status":"open","sticky":false,"template":"","format":"standard","meta":{"footnotes":""},"categories":[199],"tags":[],"tnc_tax_1420":[],"class_list":{"0":"post-27228","1":"post","2":"type-post","3":"status-publish","4":"format-standard","5":"has-post-thumbnail","7":"category-sds-na-midia"},"views":391,"_links":{"self":[{"href":"https:\/\/sds.unb.br\/es\/wp-json\/wp\/v2\/posts\/27228","targetHints":{"allow":["GET"]}}],"collection":[{"href":"https:\/\/sds.unb.br\/es\/wp-json\/wp\/v2\/posts"}],"about":[{"href":"https:\/\/sds.unb.br\/es\/wp-json\/wp\/v2\/types\/post"}],"author":[{"embeddable":true,"href":"https:\/\/sds.unb.br\/es\/wp-json\/wp\/v2\/users\/28"}],"replies":[{"embeddable":true,"href":"https:\/\/sds.unb.br\/es\/wp-json\/wp\/v2\/comments?post=27228"}],"version-history":[{"count":1,"href":"https:\/\/sds.unb.br\/es\/wp-json\/wp\/v2\/posts\/27228\/revisions"}],"predecessor-version":[{"id":27230,"href":"https:\/\/sds.unb.br\/es\/wp-json\/wp\/v2\/posts\/27228\/revisions\/27230"}],"wp:featuredmedia":[{"embeddable":true,"href":"https:\/\/sds.unb.br\/es\/wp-json\/wp\/v2\/media\/27229"}],"wp:attachment":[{"href":"https:\/\/sds.unb.br\/es\/wp-json\/wp\/v2\/media?parent=27228"}],"wp:term":[{"taxonomy":"category","embeddable":true,"href":"https:\/\/sds.unb.br\/es\/wp-json\/wp\/v2\/categories?post=27228"},{"taxonomy":"post_tag","embeddable":true,"href":"https:\/\/sds.unb.br\/es\/wp-json\/wp\/v2\/tags?post=27228"},{"taxonomy":"tnc_tax_1420","embeddable":true,"href":"https:\/\/sds.unb.br\/es\/wp-json\/wp\/v2\/tnc_tax_1420?post=27228"}],"curies":[{"name":"wp","href":"https:\/\/api.w.org\/{rel}","templated":true}]}}