{"id":26466,"date":"2022-03-28T22:17:37","date_gmt":"2022-03-29T01:17:37","guid":{"rendered":"https:\/\/sds.unb.br\/?p=26466"},"modified":"2022-03-28T22:17:38","modified_gmt":"2022-03-29T01:17:38","slug":"confira-o-resultado-do-pibex-centro-de-estudos-ambientais-do-condominio-rk","status":"publish","type":"post","link":"https:\/\/sds.unb.br\/es\/confira-o-resultado-do-pibex-centro-de-estudos-ambientais-do-condominio-rk\/","title":{"rendered":"Confira o resultado do Pibex Centro de Estudos Ambientais do Condom\u00ednio RK"},"content":{"rendered":"<p class=\"has-custom-size\" style=\"font-size:12px\">Por: Mariana Ferreira Lopes | Comunica\u00e7\u00e3o SDS<\/p>\n\n\n\n<p>A Sala de Situa\u00e7\u00e3o divulga o resultado da sele\u00e7\u00e3o de bolsista para atua\u00e7\u00e3o no projeto &#8220;Centro de Estudos Ambientais do Condom\u00ednio RK&#8221;. <br><\/p>\n\n\n\n<figure class=\"wp-block-table is-style-stripes\"><table><tbody><tr><td><strong>Nome<\/strong><\/td><td><strong>Curso<\/strong><\/td><\/tr><tr><td>Tamiris Queiroz<\/td><td>Enfermagem <\/td><\/tr><\/tbody><\/table><\/figure>\n\n\n\n<p>Com isso, a SDS finaliza o processo seletivo das bolsas de extens\u00e3o de seus quatro inciativas vinculadas ao Programa Institucional de Bolsas de Extens\u00e3o da Universidade de Bras\u00edlia: Sala de Situa\u00e7\u00e3o de Sa\u00fade, Sala de Situa\u00e7\u00e3o de Sa\u00fade da Regi\u00e3o Leste, Epi-Ride Comunica e Centro de Estudos Ambientais do Condom\u00ednio RK. Os bolsistas selecionados ir\u00e3o apoiar a gest\u00e3o, o desenvolvimento e a avalia\u00e7\u00e3o das atividades realizadas em cada projeto at\u00e9 o final de 2022. <\/p>","protected":false},"excerpt":{"rendered":"<p>Por: Mariana Ferreira Lopes | Comunica\u00e7\u00e3o SDS A Sala de Situa\u00e7\u00e3o divulga o resultado da sele\u00e7\u00e3o de bolsista para atua\u00e7\u00e3o no projeto &#8220;Centro de Estudos Ambientais do Condom\u00ednio RK&#8221;. Nome Curso Tamiris Queiroz Enfermagem Com isso, a SDS finaliza o processo seletivo das bolsas de extens\u00e3o de seus quatro inciativas vinculadas ao Programa Institucional de Bolsas de Extens\u00e3o da Universidade de Bras\u00edlia: Sala de Situa\u00e7\u00e3o de&hellip;<\/p>\n<p> <a class=\"more-link\" href=\"https:\/\/sds.unb.br\/es\/confira-o-resultado-do-pibex-centro-de-estudos-ambientais-do-condominio-rk\/\">Leer m\u00e1s<\/a><\/p>","protected":false},"author":28,"featured_media":26467,"comment_status":"open","ping_status":"open","sticky":false,"template":"","format":"standard","meta":{"footnotes":""},"categories":[197,188],"tags":[],"tnc_tax_1420":[],"class_list":{"0":"post-26466","1":"post","2":"type-post","3":"status-publish","4":"format-standard","5":"has-post-thumbnail","7":"category-banner_home","8":"category-editais"},"views":445,"_links":{"self":[{"href":"https:\/\/sds.unb.br\/es\/wp-json\/wp\/v2\/posts\/26466","targetHints":{"allow":["GET"]}}],"collection":[{"href":"https:\/\/sds.unb.br\/es\/wp-json\/wp\/v2\/posts"}],"about":[{"href":"https:\/\/sds.unb.br\/es\/wp-json\/wp\/v2\/types\/post"}],"author":[{"embeddable":true,"href":"https:\/\/sds.unb.br\/es\/wp-json\/wp\/v2\/users\/28"}],"replies":[{"embeddable":true,"href":"https:\/\/sds.unb.br\/es\/wp-json\/wp\/v2\/comments?post=26466"}],"version-history":[{"count":1,"href":"https:\/\/sds.unb.br\/es\/wp-json\/wp\/v2\/posts\/26466\/revisions"}],"predecessor-version":[{"id":26468,"href":"https:\/\/sds.unb.br\/es\/wp-json\/wp\/v2\/posts\/26466\/revisions\/26468"}],"wp:featuredmedia":[{"embeddable":true,"href":"https:\/\/sds.unb.br\/es\/wp-json\/wp\/v2\/media\/26467"}],"wp:attachment":[{"href":"https:\/\/sds.unb.br\/es\/wp-json\/wp\/v2\/media?parent=26466"}],"wp:term":[{"taxonomy":"category","embeddable":true,"href":"https:\/\/sds.unb.br\/es\/wp-json\/wp\/v2\/categories?post=26466"},{"taxonomy":"post_tag","embeddable":true,"href":"https:\/\/sds.unb.br\/es\/wp-json\/wp\/v2\/tags?post=26466"},{"taxonomy":"tnc_tax_1420","embeddable":true,"href":"https:\/\/sds.unb.br\/es\/wp-json\/wp\/v2\/tnc_tax_1420?post=26466"}],"curies":[{"name":"wp","href":"https:\/\/api.w.org\/{rel}","templated":true}]}}