{"id":26234,"date":"2022-03-22T15:55:03","date_gmt":"2022-03-22T18:55:03","guid":{"rendered":"https:\/\/sds.unb.br\/?p=26234"},"modified":"2022-03-22T15:55:04","modified_gmt":"2022-03-22T18:55:04","slug":"confira-o-resultado-do-processo-de-selecao-de-bolsistas-para-os-projetos-epi-ride-comunica-e-cea-rk","status":"publish","type":"post","link":"https:\/\/sds.unb.br\/es\/confira-o-resultado-do-processo-de-selecao-de-bolsistas-para-os-projetos-epi-ride-comunica-e-cea-rk\/","title":{"rendered":"Confira o resultado do processo de sele\u00e7\u00e3o de bolsistas para os projetos Epi-Ride Comunica e CEA RK"},"content":{"rendered":"<p class=\"has-custom-size\" style=\"font-size:12px\">Por: Mariana Ferreira Lopes | Comunica\u00e7\u00e3o SDS<\/p>\n\n\n\n<p>A Comiss\u00e3o de Avalia\u00e7\u00e3o da sele\u00e7\u00e3o de bolsistas para os projetos de extens\u00e3o Epi-Ride Comunica e Centro de Estudos Ambientais do Condom\u00ednio RK divulga a lista de convocados para a pr\u00f3xima fase do processo seletivo. Segundo definido nos editais, apenas os quatro estudantes melhor classificados na primeira etapa, composta pela an\u00e1lise de curr\u00edculo, hist\u00f3rico no curso e experi\u00eancias comprovadas no Curr\u00edculo Lattes, participar\u00e3o da entrevista. <\/p>\n\n\n\n<p>Os selecionados ir\u00e3o receber as indica\u00e7\u00f5es de hor\u00e1rio e link da plataforma online por e-mail. D\u00favidas podem ser encaminhadas para: sds@unb.br<br><\/p>\n\n\n\n<p><strong>Classifica\u00e7\u00e3o de candidatas para projeto CEA RK<\/strong><\/p>\n\n\n\n<figure class=\"wp-block-table aligncenter\"><table><tbody><tr><td>Nome<\/td><td>Classifica\u00e7\u00e3o<\/td><\/tr><tr><td>Larissa Santos<\/td><td>1\u00aa<\/td><\/tr><tr><td>Myrella Machado<\/td><td>2\u00aa<\/td><\/tr><tr><td>Emily Rodrigues<\/td><td>3\u00aa<\/td><\/tr><\/tbody><\/table><figcaption>Apenas tr\u00eas candidatas se inscreveram para o processo de sele\u00e7\u00e3o<\/figcaption><\/figure>\n\n\n\n<p><strong>Classifica\u00e7\u00e3o de candidatas para projeto Epi-Ride Comunica<\/strong><\/p>\n\n\n\n<p><\/p>\n\n\n\n<figure class=\"wp-block-table aligncenter\"><table><tbody><tr><td>Nome<\/td><td>Classifica\u00e7\u00e3o<\/td><\/tr><tr><td>Lorranny Xavier<\/td><td>1\u00aa<\/td><\/tr><tr><td>Emily Rodrigues<\/td><td>2\u00aa<\/td><\/tr><tr><td>Lethicia Nunes Lima<\/td><td>3\u00aa<\/td><\/tr><\/tbody><\/table><figcaption>Apenas tr\u00eas candidatas se inscreveram para o processo de sele\u00e7\u00e3o<\/figcaption><\/figure>","protected":false},"excerpt":{"rendered":"<p>Por: Mariana Ferreira Lopes | Comunica\u00e7\u00e3o SDS A Comiss\u00e3o de Avalia\u00e7\u00e3o da sele\u00e7\u00e3o de bolsistas para os projetos de extens\u00e3o Epi-Ride Comunica e Centro de Estudos Ambientais do Condom\u00ednio RK divulga a lista de convocados para a pr\u00f3xima fase do processo seletivo. Segundo definido nos editais, apenas os quatro estudantes melhor classificados na primeira etapa, composta pela an\u00e1lise de curr\u00edculo, hist\u00f3rico no curso e experi\u00eancias comprovadas&hellip;<\/p>\n<p> <a class=\"more-link\" href=\"https:\/\/sds.unb.br\/es\/confira-o-resultado-do-processo-de-selecao-de-bolsistas-para-os-projetos-epi-ride-comunica-e-cea-rk\/\">Leer m\u00e1s<\/a><\/p>","protected":false},"author":26,"featured_media":26235,"comment_status":"open","ping_status":"open","sticky":false,"template":"","format":"standard","meta":{"footnotes":""},"categories":[197,188,156],"tags":[],"tnc_tax_1420":[],"class_list":{"0":"post-26234","1":"post","2":"type-post","3":"status-publish","4":"format-standard","5":"has-post-thumbnail","7":"category-banner_home","8":"category-editais","9":"category-noticias"},"views":424,"_links":{"self":[{"href":"https:\/\/sds.unb.br\/es\/wp-json\/wp\/v2\/posts\/26234","targetHints":{"allow":["GET"]}}],"collection":[{"href":"https:\/\/sds.unb.br\/es\/wp-json\/wp\/v2\/posts"}],"about":[{"href":"https:\/\/sds.unb.br\/es\/wp-json\/wp\/v2\/types\/post"}],"author":[{"embeddable":true,"href":"https:\/\/sds.unb.br\/es\/wp-json\/wp\/v2\/users\/26"}],"replies":[{"embeddable":true,"href":"https:\/\/sds.unb.br\/es\/wp-json\/wp\/v2\/comments?post=26234"}],"version-history":[{"count":1,"href":"https:\/\/sds.unb.br\/es\/wp-json\/wp\/v2\/posts\/26234\/revisions"}],"predecessor-version":[{"id":26236,"href":"https:\/\/sds.unb.br\/es\/wp-json\/wp\/v2\/posts\/26234\/revisions\/26236"}],"wp:featuredmedia":[{"embeddable":true,"href":"https:\/\/sds.unb.br\/es\/wp-json\/wp\/v2\/media\/26235"}],"wp:attachment":[{"href":"https:\/\/sds.unb.br\/es\/wp-json\/wp\/v2\/media?parent=26234"}],"wp:term":[{"taxonomy":"category","embeddable":true,"href":"https:\/\/sds.unb.br\/es\/wp-json\/wp\/v2\/categories?post=26234"},{"taxonomy":"post_tag","embeddable":true,"href":"https:\/\/sds.unb.br\/es\/wp-json\/wp\/v2\/tags?post=26234"},{"taxonomy":"tnc_tax_1420","embeddable":true,"href":"https:\/\/sds.unb.br\/es\/wp-json\/wp\/v2\/tnc_tax_1420?post=26234"}],"curies":[{"name":"wp","href":"https:\/\/api.w.org\/{rel}","templated":true}]}}