{"id":24521,"date":"2022-01-17T17:55:29","date_gmt":"2022-01-17T20:55:29","guid":{"rendered":"https:\/\/sds.unb.br\/?p=24521"},"modified":"2022-01-17T17:58:45","modified_gmt":"2022-01-17T20:58:45","slug":"edital-extensionista-sds-2021-2","status":"publish","type":"post","link":"https:\/\/sds.unb.br\/es\/edital-extensionista-sds-2021-2\/","title":{"rendered":"Edital extensionista SDS 2021\/2"},"content":{"rendered":"<p class=\"has-custom-weight\" style=\"font-weight:800\">Est\u00e3o abertas as inscri\u00e7\u00f5es para extensionistas volunt\u00e1rios na Sala de Situa\u00e7\u00e3o da UnB<\/p>\n\n\n\n<p>Com o retorno letivo na Universidade de Bras\u00edlia nesta segunda-feira (17), a Sala de Situa\u00e7\u00e3o d\u00e1 in\u00edcio ao processo de sele\u00e7\u00e3o de novos extensionistas para atua\u00e7\u00e3o volunt\u00e1ria nas atividades e projetos desenvolvidos pela SDS. <\/p>\n\n\n\n<p>Durante o semestre, os extensionistas ser\u00e3o respons\u00e1veis pela elabora\u00e7\u00e3o de um produto no decorrer do semestre letivo sob supervis\u00e3o dos professores da SDS. Os estudantes tamb\u00e9m podem participar de projetos como Arbocontrol, EPI-Ride, OBSAM, DANT, CEA-RK, Sala de Situa\u00e7\u00e3o de Sa\u00fade da Regi\u00e3o Leste, Zoonoses e Comunica\u00e7\u00e3o de Risco, al\u00e9m de integrar os eixos que comp\u00f5em a Sala: Comunica\u00e7\u00e3o, Gest\u00e3o, One Health e Tecnologia.<\/p>\n\n\n\n<p>As vagas s\u00e3o para diferentes \u00e1reas de gradua\u00e7\u00e3o e abertas para estudantes de qualquer universidade que tenham disponibilidade de 60 horas mensais para as atividades. Tamb\u00e9m s\u00e3o requisitos n\u00e3o possuir pend\u00eancias acad\u00eamicas ou administrativas relacionadas aos compromissos assumidos anteriormente em eventos, projetos ou programas;<br>4.4 Apresentar afinidade, aptid\u00e3o e interesse pela atividade.<\/p>\n\n\n\n<p>A SDS \u00e9 um espa\u00e7o multidisciplinar de constru\u00e7\u00e3o de saberes e tecnologias com o objetivo de apoiar no monitoramento, an\u00e1lise e defini\u00e7\u00e3o de a\u00e7\u00f5es em sa\u00fade para a tomada de decis\u00e3o.&nbsp;&nbsp;<\/p>\n\n\n\n<p>&nbsp;As inscri\u00e7\u00f5es v\u00e3o at\u00e9 24\/01\/2022 e devem ser feitas via formul\u00e1rio (anexo 2 do Edital 01\/2022)&nbsp;<\/p>\n\n\n\n<p>Acesso o edital completo <a rel=\"noreferrer noopener\" href=\"https:\/\/sds.unb.br\/es\/editais\/edital-atividades-de-extensao-na-sala-de-situacao-de-saude-da-universidade-de-brasilia\/\" target=\"_blank\">aqui<\/a><br><br>Cr\u00e9ditos fotografia: Ascom\/UnB<\/p>","protected":false},"excerpt":{"rendered":"<p>Est\u00e3o abertas as inscri\u00e7\u00f5es para extensionistas volunt\u00e1rios na Sala de Situa\u00e7\u00e3o da UnB Com o retorno letivo na Universidade de Bras\u00edlia nesta segunda-feira (17), a Sala de Situa\u00e7\u00e3o d\u00e1 in\u00edcio ao processo de sele\u00e7\u00e3o de novos extensionistas para atua\u00e7\u00e3o volunt\u00e1ria nas atividades e projetos desenvolvidos pela SDS. Durante o semestre, os extensionistas ser\u00e3o respons\u00e1veis pela elabora\u00e7\u00e3o de um produto no decorrer do semestre letivo sob supervis\u00e3o&hellip;<\/p>\n<p> <a class=\"more-link\" href=\"https:\/\/sds.unb.br\/es\/edital-extensionista-sds-2021-2\/\">Leer m\u00e1s<\/a><\/p>","protected":false},"author":28,"featured_media":24522,"comment_status":"open","ping_status":"open","sticky":true,"template":"","format":"standard","meta":{"footnotes":""},"categories":[188,156],"tags":[103,62],"tnc_tax_1420":[],"class_list":{"0":"post-24521","1":"post","2":"type-post","3":"status-publish","4":"format-standard","5":"has-post-thumbnail","7":"category-editais","8":"category-noticias","9":"tag-destaque","10":"tag-noticias"},"views":467,"_links":{"self":[{"href":"https:\/\/sds.unb.br\/es\/wp-json\/wp\/v2\/posts\/24521","targetHints":{"allow":["GET"]}}],"collection":[{"href":"https:\/\/sds.unb.br\/es\/wp-json\/wp\/v2\/posts"}],"about":[{"href":"https:\/\/sds.unb.br\/es\/wp-json\/wp\/v2\/types\/post"}],"author":[{"embeddable":true,"href":"https:\/\/sds.unb.br\/es\/wp-json\/wp\/v2\/users\/28"}],"replies":[{"embeddable":true,"href":"https:\/\/sds.unb.br\/es\/wp-json\/wp\/v2\/comments?post=24521"}],"version-history":[{"count":3,"href":"https:\/\/sds.unb.br\/es\/wp-json\/wp\/v2\/posts\/24521\/revisions"}],"predecessor-version":[{"id":24526,"href":"https:\/\/sds.unb.br\/es\/wp-json\/wp\/v2\/posts\/24521\/revisions\/24526"}],"wp:featuredmedia":[{"embeddable":true,"href":"https:\/\/sds.unb.br\/es\/wp-json\/wp\/v2\/media\/24522"}],"wp:attachment":[{"href":"https:\/\/sds.unb.br\/es\/wp-json\/wp\/v2\/media?parent=24521"}],"wp:term":[{"taxonomy":"category","embeddable":true,"href":"https:\/\/sds.unb.br\/es\/wp-json\/wp\/v2\/categories?post=24521"},{"taxonomy":"post_tag","embeddable":true,"href":"https:\/\/sds.unb.br\/es\/wp-json\/wp\/v2\/tags?post=24521"},{"taxonomy":"tnc_tax_1420","embeddable":true,"href":"https:\/\/sds.unb.br\/es\/wp-json\/wp\/v2\/tnc_tax_1420?post=24521"}],"curies":[{"name":"wp","href":"https:\/\/api.w.org\/{rel}","templated":true}]}}