{"id":21381,"date":"2021-09-24T11:54:32","date_gmt":"2021-09-24T14:54:32","guid":{"rendered":"https:\/\/sds.unb.br\/?p=21381"},"modified":"2021-09-24T11:59:39","modified_gmt":"2021-09-24T14:59:39","slug":"confira-o-resultado-final-da-chamada-publica-no-01-2021-atividades-de-extensao-no-paranoa-sds-leste-2021","status":"publish","type":"post","link":"https:\/\/sds.unb.br\/es\/confira-o-resultado-final-da-chamada-publica-no-01-2021-atividades-de-extensao-no-paranoa-sds-leste-2021\/","title":{"rendered":"Confira o resultado final da Chamada P\u00fablica n\u00ba 01\/2021- ATIVIDADES DE EXTENS\u00c3O NO PARANO\u00c1 SDS- LESTE\/2021"},"content":{"rendered":"<p>J\u00e1 est\u00e1 dispon\u00edvel no site da Sala de Situa\u00e7\u00e3o, o resultado final da chamada p\u00fablica n\u00ba 01\/2021- ATIVIDADES DE EXTENS\u00c3O NO PARANO\u00c1 SDS- LESTE\/2021, do processo de sele\u00e7\u00e3o de bolsista para o Projeto de Extens\u00e3o \u201cSala de Situa\u00e7\u00e3o de Sa\u00fade da Regi\u00e3o de Sa\u00fade Leste (SDS- Leste)\u201d, do Departamento de Sa\u00fade Coletiva da Faculdade de Sa\u00fade da Universidade de Bras\u00edlia (UnB).<\/p>\n\n\n\n<p>O intuito \u00e9 selecionar dois bolsistas que far\u00e3o parte de um cadastro reserva e poder\u00e3o ser chamados, conforme a disponibilidade de bolsas, a depender dos recursos or\u00e7ament\u00e1rios dispon\u00edveis.<\/p>\n\n\n\n<p>O bolsista de extens\u00e3o desenvolver\u00e1 atividades relacionadas ao projeto de extens\u00e3o, como apoio ao coordenador da Sala, aux\u00edlio na organiza\u00e7\u00e3o e participa\u00e7\u00e3o nas reuni\u00f5es da SDS, organiza\u00e7\u00e3o das tarefas na plataforma eXo, entre diversas outras tarefas.<\/p>\n\n\n\n<p>Confira aqui o resultado da Chamada P\u00fablica n\u00ba 01\/2021<\/p>\n\n\n<a href=\"https:\/\/sds.unb.br\/wp-content\/uploads\/2021\/09\/resultado_f_edital_sds_202101.pdf\" class=\"pdfemb-viewer\" style=\"\" data-width=\"max\" data-height=\"max\" data-toolbar=\"bottom\" data-toolbar-fixed=\"off\">resultado_f_edital_sds_202101<\/a>\n<p class=\"wp-block-pdfemb-pdf-embedder-viewer\"><\/p>\n\n\n\n<div class=\"wp-block-file\"><a href=\"https:\/\/sds.unb.br\/wp-content\/uploads\/2021\/09\/resultado_f_edital_sds_202101.pdf\">Download resultado_f_edital_sds_202101<\/a><a href=\"https:\/\/sds.unb.br\/wp-content\/uploads\/2021\/09\/resultado_f_edital_sds_202101.pdf\" class=\"wp-block-file__button\" download>Baixar<\/a><\/div>","protected":false},"excerpt":{"rendered":"<p>J\u00e1 est\u00e1 dispon\u00edvel no site da Sala de Situa\u00e7\u00e3o, o resultado final da chamada p\u00fablica n\u00ba 01\/2021- ATIVIDADES DE EXTENS\u00c3O NO PARANO\u00c1 SDS- LESTE\/2021, do processo de sele\u00e7\u00e3o de bolsista para o Projeto de Extens\u00e3o \u201cSala de Situa\u00e7\u00e3o de Sa\u00fade da Regi\u00e3o de Sa\u00fade Leste (SDS- Leste)\u201d, do Departamento de Sa\u00fade Coletiva da Faculdade de Sa\u00fade da Universidade de Bras\u00edlia (UnB). O intuito \u00e9 selecionar dois&hellip;<\/p>\n<p> <a class=\"more-link\" href=\"https:\/\/sds.unb.br\/es\/confira-o-resultado-final-da-chamada-publica-no-01-2021-atividades-de-extensao-no-paranoa-sds-leste-2021\/\">Leer m\u00e1s<\/a><\/p>","protected":false},"author":20,"featured_media":21151,"comment_status":"open","ping_status":"open","sticky":false,"template":"","format":"standard","meta":{"footnotes":""},"categories":[188,156],"tags":[189,62],"tnc_tax_1420":[],"class_list":{"0":"post-21381","1":"post","2":"type-post","3":"status-publish","4":"format-standard","5":"has-post-thumbnail","7":"category-editais","8":"category-noticias","9":"tag-editais","10":"tag-noticias"},"views":433,"_links":{"self":[{"href":"https:\/\/sds.unb.br\/es\/wp-json\/wp\/v2\/posts\/21381","targetHints":{"allow":["GET"]}}],"collection":[{"href":"https:\/\/sds.unb.br\/es\/wp-json\/wp\/v2\/posts"}],"about":[{"href":"https:\/\/sds.unb.br\/es\/wp-json\/wp\/v2\/types\/post"}],"author":[{"embeddable":true,"href":"https:\/\/sds.unb.br\/es\/wp-json\/wp\/v2\/users\/20"}],"replies":[{"embeddable":true,"href":"https:\/\/sds.unb.br\/es\/wp-json\/wp\/v2\/comments?post=21381"}],"version-history":[{"count":5,"href":"https:\/\/sds.unb.br\/es\/wp-json\/wp\/v2\/posts\/21381\/revisions"}],"predecessor-version":[{"id":21391,"href":"https:\/\/sds.unb.br\/es\/wp-json\/wp\/v2\/posts\/21381\/revisions\/21391"}],"wp:featuredmedia":[{"embeddable":true,"href":"https:\/\/sds.unb.br\/es\/wp-json\/wp\/v2\/media\/21151"}],"wp:attachment":[{"href":"https:\/\/sds.unb.br\/es\/wp-json\/wp\/v2\/media?parent=21381"}],"wp:term":[{"taxonomy":"category","embeddable":true,"href":"https:\/\/sds.unb.br\/es\/wp-json\/wp\/v2\/categories?post=21381"},{"taxonomy":"post_tag","embeddable":true,"href":"https:\/\/sds.unb.br\/es\/wp-json\/wp\/v2\/tags?post=21381"},{"taxonomy":"tnc_tax_1420","embeddable":true,"href":"https:\/\/sds.unb.br\/es\/wp-json\/wp\/v2\/tnc_tax_1420?post=21381"}],"curies":[{"name":"wp","href":"https:\/\/api.w.org\/{rel}","templated":true}]}}