{"id":21150,"date":"2021-09-17T17:27:06","date_gmt":"2021-09-17T20:27:06","guid":{"rendered":"https:\/\/sds.unb.br\/?p=21150"},"modified":"2021-09-17T17:42:26","modified_gmt":"2021-09-17T20:42:26","slug":"chamada-publica-no-01-2021-atividades-de-extensao-no-paranoa-sds-leste-2021","status":"publish","type":"post","link":"https:\/\/sds.unb.br\/es\/chamada-publica-no-01-2021-atividades-de-extensao-no-paranoa-sds-leste-2021\/","title":{"rendered":"CHAMADA P\u00daBLICA N\u00ba 01\/2021 &#8211; ATIVIDADES DE EXTENS\u00c3O NO PARANO\u00c1 SDS- LESTE\/2021"},"content":{"rendered":"<p>A Coordena\u00e7\u00e3o do Projeto de Extens\u00e3o \u201cSala de Situa\u00e7\u00e3o de Sa\u00fade da Regi\u00e3o de Sa\u00fade Leste (SDS-Leste)&#8221; do Departamento de Sa\u00fade Coletiva da Faculdade de Sa\u00fade da Universidade de Bras\u00edlia &#8211; UnB torna p\u00fablica a presente chamada para sele\u00e7\u00e3o de bolsistas de extens\u00e3o segundo o Edital N\u00ba 7\/2021 DEX\/DDIR &#8211; ATIVIDADES DE EXTENS\u00c3O NO PARANO\u00c1; Resolu\u00e7\u00e3o DEX 02\/2018 e Resolu\u00e7\u00e3o CAD 03\/2018.<\/p>\n\n\n\n<p>Veja o edital abaixo.<\/p>\n\n\n<a href=\"https:\/\/sds.unb.br\/wp-content\/uploads\/2021\/09\/edital_sds_202101.pdf\" class=\"pdfemb-viewer\" style=\"\" data-width=\"max\" data-height=\"max\" data-toolbar=\"bottom\" data-toolbar-fixed=\"off\">edital_sds_202101<\/a>\n<p class=\"wp-block-pdfemb-pdf-embedder-viewer\"><\/p>\n\n\n\n<div class=\"wp-block-file\"><a href=\"https:\/\/sds.unb.br\/wp-content\/uploads\/2021\/09\/edital_sds_202101.pdf\">edital_sds_202101<\/a><a href=\"https:\/\/sds.unb.br\/wp-content\/uploads\/2021\/09\/edital_sds_202101.pdf\" class=\"wp-block-file__button\" download>Baixar<\/a><\/div>","protected":false},"excerpt":{"rendered":"<p>A Coordena\u00e7\u00e3o do Projeto de Extens\u00e3o \u201cSala de Situa\u00e7\u00e3o de Sa\u00fade da Regi\u00e3o de Sa\u00fade Leste (SDS-Leste)&#8221; do Departamento de Sa\u00fade Coletiva da Faculdade de Sa\u00fade da Universidade de Bras\u00edlia &#8211; UnB torna p\u00fablica a presente chamada para sele\u00e7\u00e3o de bolsistas de extens\u00e3o segundo o Edital N\u00ba 7\/2021 DEX\/DDIR &#8211; ATIVIDADES DE EXTENS\u00c3O NO PARANO\u00c1; Resolu\u00e7\u00e3o DEX 02\/2018 e Resolu\u00e7\u00e3o CAD 03\/2018. Veja o edital abaixo.<\/p>","protected":false},"author":20,"featured_media":21151,"comment_status":"open","ping_status":"open","sticky":false,"template":"","format":"standard","meta":{"footnotes":""},"categories":[188,156],"tags":[189,62],"tnc_tax_1420":[],"class_list":{"0":"post-21150","1":"post","2":"type-post","3":"status-publish","4":"format-standard","5":"has-post-thumbnail","7":"category-editais","8":"category-noticias","9":"tag-editais","10":"tag-noticias"},"views":420,"_links":{"self":[{"href":"https:\/\/sds.unb.br\/es\/wp-json\/wp\/v2\/posts\/21150","targetHints":{"allow":["GET"]}}],"collection":[{"href":"https:\/\/sds.unb.br\/es\/wp-json\/wp\/v2\/posts"}],"about":[{"href":"https:\/\/sds.unb.br\/es\/wp-json\/wp\/v2\/types\/post"}],"author":[{"embeddable":true,"href":"https:\/\/sds.unb.br\/es\/wp-json\/wp\/v2\/users\/20"}],"replies":[{"embeddable":true,"href":"https:\/\/sds.unb.br\/es\/wp-json\/wp\/v2\/comments?post=21150"}],"version-history":[{"count":4,"href":"https:\/\/sds.unb.br\/es\/wp-json\/wp\/v2\/posts\/21150\/revisions"}],"predecessor-version":[{"id":21158,"href":"https:\/\/sds.unb.br\/es\/wp-json\/wp\/v2\/posts\/21150\/revisions\/21158"}],"wp:featuredmedia":[{"embeddable":true,"href":"https:\/\/sds.unb.br\/es\/wp-json\/wp\/v2\/media\/21151"}],"wp:attachment":[{"href":"https:\/\/sds.unb.br\/es\/wp-json\/wp\/v2\/media?parent=21150"}],"wp:term":[{"taxonomy":"category","embeddable":true,"href":"https:\/\/sds.unb.br\/es\/wp-json\/wp\/v2\/categories?post=21150"},{"taxonomy":"post_tag","embeddable":true,"href":"https:\/\/sds.unb.br\/es\/wp-json\/wp\/v2\/tags?post=21150"},{"taxonomy":"tnc_tax_1420","embeddable":true,"href":"https:\/\/sds.unb.br\/es\/wp-json\/wp\/v2\/tnc_tax_1420?post=21150"}],"curies":[{"name":"wp","href":"https:\/\/api.w.org\/{rel}","templated":true}]}}