{"id":16523,"date":"2021-04-27T16:38:19","date_gmt":"2021-04-27T19:38:19","guid":{"rendered":"https:\/\/sds.unb.br\/?p=16523"},"modified":"2021-11-05T16:33:55","modified_gmt":"2021-11-05T19:33:55","slug":"vem-ai-congresso-brasileiro-de-saude-integrativa-e-espiritualidade","status":"publish","type":"post","link":"https:\/\/sds.unb.br\/es\/vem-ai-congresso-brasileiro-de-saude-integrativa-e-espiritualidade\/","title":{"rendered":"Vem a\u00ed: Congresso Brasileiro de Sa\u00fade Integrativa e Espiritualidade"},"content":{"rendered":"<p><span style=\"font-weight: 400;\">Texto: Mara Oliveira ((extensionista do Programa de Comunica\u00e7\u00e3o Comunit\u00e1ria \u2013 FAC\/UnB e da Sala de Situa\u00e7\u00e3o da UnB)<\/span><\/p>\n<p><span style=\"font-weight: 400;\">Nos dias 3, 4 e 5 de junho, ocorrer\u00e1 o Congresso Brasileiro de Sa\u00fade Integrativa e Espiritualidade (Conbrasie). O evento ter\u00e1 apresenta\u00e7\u00e3o oral de trabalhos e os manuscritos publicados em anais. A abertura das inscri\u00e7\u00f5es e submiss\u00f5es dos projetos est\u00e3o previstas para o dia 5 de maio. O evento ser\u00e1 online e gratuito.<\/span><\/p>\n<p><span style=\"font-weight: 400;\">Com apoio institucional da Universidade de Bras\u00edlia (UnB),\u00a0 Universidade Federal do Goi\u00e1s (UFG) e Universidade Federal de Jata\u00ed (UFJ), o Conbrasie \u00e9 o maior evento de extens\u00e3o universit\u00e1ria da sa\u00fade de 2021. Para os coordenadores executivos do congresso, George Caetano e Beatriz Vilela, o evento re\u00fane mais de 65 ligas acad\u00eamicas multidisciplinares e envolve a busca pelo preenchimento dos espa\u00e7os existentes na forma\u00e7\u00e3o de n\u00edvel superior relacionados \u00e0 sa\u00fade integrativa e espiritualidade.<\/span><\/p>\n<p><span style=\"font-weight: 400;\">Entre os palestrantes convidados est\u00e1 o m\u00e9dico e professor Adalberto Barreto, criador da Terapia Integrativa Complementar (TCI). O profissional \u00e9 refer\u00eancia internacional em pr\u00e1tica integrativa. Outra convidada \u00e9 a escritora Monja Coen, sarcedotisa budista e refer\u00eancia em espiritualidade.<\/span><\/p>\n<p><span style=\"font-weight: 400;\">De acordo com George, o intuito do Conbrasie \u00e9 difundir conhecimentos, pr\u00e1ticas, saberes e fazeres em sa\u00fade integrativa e espiritualidade. \u201c\u00c9 um evento desenhado a partir da perspectiva da gradua\u00e7\u00e3o, de forma espiral, at\u00e9 o indiv\u00edduo que est\u00e1 na pr\u00e1tica, seja formal ou informal\u201d.<\/span><\/p>\n<p><span style=\"font-weight: 400;\">As inscri\u00e7\u00f5es ser\u00e3o feitas via Sistema Integrado de Gest\u00e3o de Atividades Acad\u00eamicas &#8211; SIGAA\/UnB e cada participante receber\u00e1 um certificado de 36h. Os interessados podem acompanhar as informa\u00e7\u00f5es e atualiza\u00e7\u00f5es pelo perfil @conbrasie no Instagram.<\/span><\/p>","protected":false},"excerpt":{"rendered":"<p>Evento ocorre entre os dias 3 e 5 de junho<\/p>\n<p> <a class=\"more-link\" href=\"https:\/\/sds.unb.br\/es\/vem-ai-congresso-brasileiro-de-saude-integrativa-e-espiritualidade\/\">Leer m\u00e1s<\/a><\/p>","protected":false},"author":28,"featured_media":16524,"comment_status":"open","ping_status":"open","sticky":false,"template":"","format":"standard","meta":{"footnotes":""},"categories":[156],"tags":[62],"tnc_tax_1420":[],"class_list":{"0":"post-16523","1":"post","2":"type-post","3":"status-publish","4":"format-standard","5":"has-post-thumbnail","7":"category-noticias","8":"tag-noticias"},"views":503,"_links":{"self":[{"href":"https:\/\/sds.unb.br\/es\/wp-json\/wp\/v2\/posts\/16523","targetHints":{"allow":["GET"]}}],"collection":[{"href":"https:\/\/sds.unb.br\/es\/wp-json\/wp\/v2\/posts"}],"about":[{"href":"https:\/\/sds.unb.br\/es\/wp-json\/wp\/v2\/types\/post"}],"author":[{"embeddable":true,"href":"https:\/\/sds.unb.br\/es\/wp-json\/wp\/v2\/users\/28"}],"replies":[{"embeddable":true,"href":"https:\/\/sds.unb.br\/es\/wp-json\/wp\/v2\/comments?post=16523"}],"version-history":[{"count":5,"href":"https:\/\/sds.unb.br\/es\/wp-json\/wp\/v2\/posts\/16523\/revisions"}],"predecessor-version":[{"id":16529,"href":"https:\/\/sds.unb.br\/es\/wp-json\/wp\/v2\/posts\/16523\/revisions\/16529"}],"wp:featuredmedia":[{"embeddable":true,"href":"https:\/\/sds.unb.br\/es\/wp-json\/wp\/v2\/media\/16524"}],"wp:attachment":[{"href":"https:\/\/sds.unb.br\/es\/wp-json\/wp\/v2\/media?parent=16523"}],"wp:term":[{"taxonomy":"category","embeddable":true,"href":"https:\/\/sds.unb.br\/es\/wp-json\/wp\/v2\/categories?post=16523"},{"taxonomy":"post_tag","embeddable":true,"href":"https:\/\/sds.unb.br\/es\/wp-json\/wp\/v2\/tags?post=16523"},{"taxonomy":"tnc_tax_1420","embeddable":true,"href":"https:\/\/sds.unb.br\/es\/wp-json\/wp\/v2\/tnc_tax_1420?post=16523"}],"curies":[{"name":"wp","href":"https:\/\/api.w.org\/{rel}","templated":true}]}}