{"id":16446,"date":"2021-04-22T15:02:01","date_gmt":"2021-04-22T18:02:01","guid":{"rendered":"https:\/\/sds.unb.br\/?p=16446"},"modified":"2023-01-20T12:02:57","modified_gmt":"2023-01-20T15:02:57","slug":"resultado-final-da-chamada-publica-01-2021","status":"publish","type":"post","link":"https:\/\/sds.unb.br\/es\/resultado-final-da-chamada-publica-01-2021\/","title":{"rendered":"Resultado final da chamada p\u00fablica 01\/2021"},"content":{"rendered":"<p>Por: Mariana Ferreira Lopes | Comunica\u00e7\u00e3o SDS<\/p>\n\n\n\n<p class=\"has-text-align-left\">J\u00e1 est\u00e1 dispon\u00edvel no site da Sala de Situa\u00e7\u00e3o, a chamada p\u00fablica n\u00ba 01\/2021, com o resultado da 2\u00aa fase e resultado final, do processo de sele\u00e7\u00e3o de bolsista para o Projeto de Extens\u00e3o de A\u00e7\u00e3o Cont\u00ednua (PEAC) \u201cSala de Situa\u00e7\u00e3o de Sa\u00fade (SDS)\u201d, do Departamento de Sa\u00fade Coletiva da Faculdade de Sa\u00fade da Universidade de Bras\u00edlia (UnB).<\/p>\n\n\n\n<p>O intuito \u00e9 selecionar dois bolsistas que far\u00e3o parte de um cadastro reserva e poder\u00e3o ser chamados, conforme a disponibilidade de bolsas, a depender dos recursos or\u00e7ament\u00e1rios dispon\u00edveis.<\/p>\n\n\n\n<p>O bolsista de extens\u00e3o desenvolver\u00e1 atividades relacionadas ao PEAC, como apoio ao coordenador da Sala, aux\u00edlio na organiza\u00e7\u00e3o e participa\u00e7\u00e3o nas reuni\u00f5es da SDS, al\u00e9m da organiza\u00e7\u00e3o dos documentos e arquivos no drive, aux\u00edlio nas atividades da semana de extens\u00e3o, organiza\u00e7\u00e3o das tarefas na plataforma eXo, entre outras tarefas.<\/p>\n\n\n\n<p>Confira&nbsp;aqui&nbsp;os resultados pela Chamada P\u00fablica n\u00ba 01\/2021. Lembrando que os selecionados devem enviar e-mail para saladesituacao.adm@gmail.com para confirmar interesse, at\u00e9 dia 23\/04\/2021.<\/p>\n\n\n\n<p><\/p>\n\n\n\n<div class=\"wp-block-file\"><a id=\"wp-block-file--media-4c2195c5-7c90-48b5-a8f3-2615d582dfe1\" href=\"https:\/\/sds.unb.br\/wp-content\/uploads\/2021\/04\/Resultado_-2_Fase_Resultado-Final.docx.pdf\">Resultado 2a Fase &#8211; Resultado Final<\/a><a href=\"https:\/\/sds.unb.br\/wp-content\/uploads\/2021\/04\/Resultado_-2_Fase_Resultado-Final.docx.pdf\" class=\"wp-block-file__button\" download aria-describedby=\"wp-block-file--media-4c2195c5-7c90-48b5-a8f3-2615d582dfe1\">Baixar<\/a><\/div>","protected":false},"excerpt":{"rendered":"<p>Por: Mariana Ferreira Lopes | Comunica\u00e7\u00e3o SDS J\u00e1 est\u00e1 dispon\u00edvel no site da Sala de Situa\u00e7\u00e3o, a chamada p\u00fablica n\u00ba 01\/2021, com o resultado da 2\u00aa fase e resultado final, do processo de sele\u00e7\u00e3o de bolsista para o Projeto de Extens\u00e3o de A\u00e7\u00e3o Cont\u00ednua (PEAC) \u201cSala de Situa\u00e7\u00e3o de Sa\u00fade (SDS)\u201d, do Departamento de Sa\u00fade Coletiva da Faculdade de Sa\u00fade da Universidade de Bras\u00edlia (UnB). O&hellip;<\/p>\n<p> <a class=\"more-link\" href=\"https:\/\/sds.unb.br\/es\/resultado-final-da-chamada-publica-01-2021\/\">Leer m\u00e1s<\/a><\/p>","protected":false},"author":20,"featured_media":16108,"comment_status":"open","ping_status":"open","sticky":false,"template":"","format":"standard","meta":{"footnotes":""},"categories":[156],"tags":[62],"tnc_tax_1420":[],"class_list":{"0":"post-16446","1":"post","2":"type-post","3":"status-publish","4":"format-standard","5":"has-post-thumbnail","7":"category-noticias","8":"tag-noticias"},"views":448,"_links":{"self":[{"href":"https:\/\/sds.unb.br\/es\/wp-json\/wp\/v2\/posts\/16446","targetHints":{"allow":["GET"]}}],"collection":[{"href":"https:\/\/sds.unb.br\/es\/wp-json\/wp\/v2\/posts"}],"about":[{"href":"https:\/\/sds.unb.br\/es\/wp-json\/wp\/v2\/types\/post"}],"author":[{"embeddable":true,"href":"https:\/\/sds.unb.br\/es\/wp-json\/wp\/v2\/users\/20"}],"replies":[{"embeddable":true,"href":"https:\/\/sds.unb.br\/es\/wp-json\/wp\/v2\/comments?post=16446"}],"version-history":[{"count":4,"href":"https:\/\/sds.unb.br\/es\/wp-json\/wp\/v2\/posts\/16446\/revisions"}],"predecessor-version":[{"id":31271,"href":"https:\/\/sds.unb.br\/es\/wp-json\/wp\/v2\/posts\/16446\/revisions\/31271"}],"wp:featuredmedia":[{"embeddable":true,"href":"https:\/\/sds.unb.br\/es\/wp-json\/wp\/v2\/media\/16108"}],"wp:attachment":[{"href":"https:\/\/sds.unb.br\/es\/wp-json\/wp\/v2\/media?parent=16446"}],"wp:term":[{"taxonomy":"category","embeddable":true,"href":"https:\/\/sds.unb.br\/es\/wp-json\/wp\/v2\/categories?post=16446"},{"taxonomy":"post_tag","embeddable":true,"href":"https:\/\/sds.unb.br\/es\/wp-json\/wp\/v2\/tags?post=16446"},{"taxonomy":"tnc_tax_1420","embeddable":true,"href":"https:\/\/sds.unb.br\/es\/wp-json\/wp\/v2\/tnc_tax_1420?post=16446"}],"curies":[{"name":"wp","href":"https:\/\/api.w.org\/{rel}","templated":true}]}}