{"id":15950,"date":"2021-04-06T18:34:21","date_gmt":"2021-04-06T21:34:21","guid":{"rendered":"https:\/\/sds.unb.br\/?p=15950"},"modified":"2021-04-06T18:34:21","modified_gmt":"2021-04-06T21:34:21","slug":"dia-mundial-da-saude-covid-19-e-os-desafios-no-enfrentamento-a-pandemia","status":"publish","type":"post","link":"https:\/\/sds.unb.br\/es\/dia-mundial-da-saude-covid-19-e-os-desafios-no-enfrentamento-a-pandemia\/","title":{"rendered":"Dia Mundial da Sa\u00fade: Covid-19 e os desafios no enfrentamento \u00e0 pandemia\u00a0"},"content":{"rendered":"<p><i><span style=\"font-weight: 400\">No Dia Mundial da Sa\u00fade, o epidemiologista e coordenador da Sala de Situa\u00e7\u00e3o da UnB, Jonas Brant, faz uma avalia\u00e7\u00e3o do cen\u00e1rio de crise atual e refor\u00e7a a import\u00e2ncia de investir em vigil\u00e2ncia e promo\u00e7\u00e3o da sa\u00fade<\/span><\/i><\/p>\n<p><span style=\"font-weight: 400\">Texto: Fernanda Angelo<br \/>\nImagem: Getty Images<br \/>\n<\/span><span style=\"font-weight: 400\">\u00a0<\/span><\/p>\n<p><span style=\"font-weight: 400\">O Dia Mundial da Sa\u00fade, comemorado em sete de abril, traz uma reflex\u00e3o acerca da situa\u00e7\u00e3o que o mundo vive atualmente, com a pandemia do novo coronav\u00edrus. \u00c9 not\u00f3rio que essa crise de sa\u00fade trouxe li\u00e7\u00f5es para o Brasil, mas, tamb\u00e9m, para outros pa\u00edses, sobre a import\u00e2ncia de investir em vigil\u00e2ncia e promo\u00e7\u00e3o da sa\u00fade, ou seja, o quanto \u00e9 estrat\u00e9gico para uma na\u00e7\u00e3o ter um sistema p\u00fablico de sa\u00fade consolidado.\u00a0<\/span><\/p>\n<p><span style=\"font-weight: 400\">O epidemiologista e coordenador da Sala de Situa\u00e7\u00e3o da Universidade de Bras\u00edlia, Jonas Brant, acredita que as a\u00e7\u00f5es precisam ser coordenadas e que se tenha um sistema p\u00fablico de sa\u00fade para garantir o acesso a todos e, principalmente, \u00e0s a\u00e7\u00f5es de preven\u00e7\u00e3o. Segundo ele, quem promove sa\u00fade hoje no Brasil, n\u00e3o s\u00e3o os planos de sa\u00fade particulares, que oferecem, basicamente, uma estrutura de consultas especializadas e hospitais de m\u00e9dia complexidade, mas, sim, o Sistema \u00danico de Sa\u00fade (SUS).\u00a0<\/span><\/p>\n<p><span style=\"font-weight: 400\">\u201cBoa parte da alta complexidade ainda \u00e9 do SUS. Quando a gente pensa nos aprendizados, ou nas coisas que precisamos lidar no futuro, eu acho que \u00e9 tentar mostrar para os gestores e para a sociedade o quanto \u00e9 estrat\u00e9gico para um pa\u00eds ter um sistema de sa\u00fade forte, porque, hoje, por exemplo, n\u00e3o importa mais se voc\u00ea tem dinheiro ou n\u00e3o, as UTIs (Unidades de Terapias Intensivas) est\u00e3o todas lotadas\u201d, enfatiza o epidemiologista.\u00a0<\/span><\/p>\n<p><span style=\"font-weight: 400\">Segundo o coordenador da SDS\/UnB, \u00e9 a promo\u00e7\u00e3o e a vigil\u00e2ncia em sa\u00fade que garantem a qualidade da comida e dos ambientes em que as pessoas est\u00e3o, a investiga\u00e7\u00e3o de cada caso de uma doen\u00e7a infecciosa para o r\u00e1pido controle e o acesso \u00e0s vacinas.\u00a0 \u201c\u00c9 importante entendermos que essa estrutura do sistema de sa\u00fade \u00e9 que nos garante a preven\u00e7\u00e3o das doen\u00e7as. Esperamos que o investimento na \u00e1rea de vigil\u00e2ncia e promo\u00e7\u00e3o da sa\u00fade seja uma das li\u00e7\u00f5es mais importantes desta pior crise sanit\u00e1ria da hist\u00f3ria do Brasil, porque \u00e9 ela que nos garante mais resili\u00eancia no cen\u00e1rio de crise como este que estamos vivendo\u201d, refor\u00e7a Jonas Brant.\u00a0<\/span><\/p>\n<p><span style=\"font-weight: 400\">Pensando na crise sanit\u00e1ria atual, o epidemiologista explica que a primeira onda da covid-19 gerou uma resposta extremamente r\u00edgida, do ponto de vista da estrutura\u00e7\u00e3o da rede hospitalar e hospitais de campanha, mas com investimento pequeno na \u00e1rea de vigil\u00e2ncia. \u201cO fato nos colocou no cen\u00e1rio de uma segunda onda ainda pior do que a primeira, pois as a\u00e7\u00f5es que permitem o controle de uma epidemia n\u00e3o foram desenvolvidas\u201d. Segundo Jonas, \u00e9 preciso mais epidemiologistas de campo, mais profissionais de vigil\u00e2ncia e mais capacidade organizacional para o enfrentamento desta crise.<\/p>\n<p><\/span><span style=\"font-weight: 400\">O epidemiologista refor\u00e7a que as a\u00e7\u00f5es que evitam que a epidemia chegue a n\u00edveis de sobrecarga do sistema de sa\u00fade s\u00e3o a testagem, o rastreamento de casos e contatos, a organiza\u00e7\u00e3o da integra\u00e7\u00e3o sa\u00fade e assist\u00eancia social para apoio social e econ\u00f4mico em casos suspeitos e vigil\u00e2ncia sanit\u00e1ria. \u201cS\u00e3o essas a\u00e7\u00f5es que, no geral, a gente n\u00e3o v\u00ea, n\u00e3o mede e n\u00e3o se discute no dia a dia que poder\u00e3o evitar uma terceira, quarta e quinta onda, sem controle. Podemos usar o <\/span><i><span style=\"font-weight: 400\">lockdown <\/span><\/i><span style=\"font-weight: 400\">como mecanismo, mas somente no cen\u00e1rio cr\u00edtico, de sobrecarga do sistema\u201d, conclui o coordenador da SDS\/UnB, Jonas Brant. <\/span><\/p>","protected":false},"excerpt":{"rendered":"<p>No Dia Mundial da Sa\u00fade, o epidemiologista e coordenador da Sala de Situa\u00e7\u00e3o da UnB, Jonas Brant, faz uma avalia\u00e7\u00e3o do cen\u00e1rio de crise atual e refor\u00e7a a import\u00e2ncia de investir em vigil\u00e2ncia e promo\u00e7\u00e3o da sa\u00fade Texto: Fernanda Angelo Imagem: Getty Images \u00a0 O Dia Mundial da Sa\u00fade, comemorado em sete de abril, traz uma reflex\u00e3o acerca da situa\u00e7\u00e3o que o mundo vive atualmente, com&hellip;<\/p>\n<p> <a class=\"more-link\" href=\"https:\/\/sds.unb.br\/es\/dia-mundial-da-saude-covid-19-e-os-desafios-no-enfrentamento-a-pandemia\/\">Leer m\u00e1s<\/a><\/p>","protected":false},"author":28,"featured_media":15951,"comment_status":"open","ping_status":"open","sticky":false,"template":"","format":"standard","meta":{"footnotes":""},"categories":[1],"tags":[63,62,81,143],"tnc_tax_1420":[],"class_list":{"0":"post-15950","1":"post","2":"type-post","3":"status-publish","4":"format-standard","5":"has-post-thumbnail","7":"category-uncategorized","8":"tag-covid-19","9":"tag-noticias","10":"tag-saude","11":"tag-vigilancia"},"views":491,"_links":{"self":[{"href":"https:\/\/sds.unb.br\/es\/wp-json\/wp\/v2\/posts\/15950","targetHints":{"allow":["GET"]}}],"collection":[{"href":"https:\/\/sds.unb.br\/es\/wp-json\/wp\/v2\/posts"}],"about":[{"href":"https:\/\/sds.unb.br\/es\/wp-json\/wp\/v2\/types\/post"}],"author":[{"embeddable":true,"href":"https:\/\/sds.unb.br\/es\/wp-json\/wp\/v2\/users\/28"}],"replies":[{"embeddable":true,"href":"https:\/\/sds.unb.br\/es\/wp-json\/wp\/v2\/comments?post=15950"}],"version-history":[{"count":1,"href":"https:\/\/sds.unb.br\/es\/wp-json\/wp\/v2\/posts\/15950\/revisions"}],"predecessor-version":[{"id":15952,"href":"https:\/\/sds.unb.br\/es\/wp-json\/wp\/v2\/posts\/15950\/revisions\/15952"}],"wp:featuredmedia":[{"embeddable":true,"href":"https:\/\/sds.unb.br\/es\/wp-json\/wp\/v2\/media\/15951"}],"wp:attachment":[{"href":"https:\/\/sds.unb.br\/es\/wp-json\/wp\/v2\/media?parent=15950"}],"wp:term":[{"taxonomy":"category","embeddable":true,"href":"https:\/\/sds.unb.br\/es\/wp-json\/wp\/v2\/categories?post=15950"},{"taxonomy":"post_tag","embeddable":true,"href":"https:\/\/sds.unb.br\/es\/wp-json\/wp\/v2\/tags?post=15950"},{"taxonomy":"tnc_tax_1420","embeddable":true,"href":"https:\/\/sds.unb.br\/es\/wp-json\/wp\/v2\/tnc_tax_1420?post=15950"}],"curies":[{"name":"wp","href":"https:\/\/api.w.org\/{rel}","templated":true}]}}