{"id":15274,"date":"2021-03-04T16:20:39","date_gmt":"2021-03-04T19:20:39","guid":{"rendered":"https:\/\/sds.unb.br\/?p=15274"},"modified":"2022-08-03T19:08:35","modified_gmt":"2022-08-03T22:08:35","slug":"consulte-as-atualizacoes-dos-sitreps-ate-2-de-marco","status":"publish","type":"post","link":"https:\/\/sds.unb.br\/es\/consulte-as-atualizacoes-dos-sitreps-ate-2-de-marco\/","title":{"rendered":"Consulte as atualiza\u00e7\u00f5es dos Sitreps at\u00e9 2 de mar\u00e7o"},"content":{"rendered":"<p><i><span style=\"font-weight: 400\">SDS\/UnB disponibiliza novos dados do coronav\u00edrus no DF, Brasil, mundo, Palop e da vigil\u00e2ncia ativa da UnB, por meio de Relat\u00f3rios de Situa\u00e7\u00e3o&nbsp;<\/span><\/i><\/p>\n<p><span style=\"font-weight: 400\">A equipe da Sala de Situa\u00e7\u00e3o da UnB atualizou os Relat\u00f3rios de Situa\u00e7\u00e3o ou <\/span><i><span style=\"font-weight: 400\">Situation Reports<\/span><\/i><span style=\"font-weight: 400\">, com novas informa\u00e7\u00f5es sobre a covid-19. Os dados atuais foram adquiridos at\u00e9 a \u00faltima ter\u00e7a-feira (2) e s\u00e3o referentes ao Distrito Federal, Brasil, mundo e aos Pa\u00edses Africanos de L\u00edngua Oficial Portuguesa (Palop), bem como da vigil\u00e2ncia ativa na UnB.&nbsp;<\/span><\/p>\n<p><span style=\"font-weight: 400\">Os documentos s\u00e3o materiais t\u00e9cnicos, com an\u00e1lises epidemiol\u00f3gicas dos casos, \u00f3bitos, insumos, entre outras informa\u00e7\u00f5es disponibilizadas por meio de bancos de dados e pain\u00e9is de monitoramento oficiais.&nbsp;<\/span><\/p>\n<p><span style=\"font-weight: 400\">No <\/span><b>DF<\/b><span style=\"font-weight: 400\">, de acordo com o painel de monitoramento da Secretaria de Sa\u00fade (SES\/DF), o n\u00famero de casos confirmados contabilizou <\/span><b>299.399<\/b><span style=\"font-weight: 400\"> pessoas infectadas pelo coronav\u00edrus, com <\/span><b>563 <\/b><span style=\"font-weight: 400\">novos casos em um per\u00edodo de 24h. O n\u00famero total de \u00f3bitos j\u00e1 est\u00e1 em <\/span><b>4.887.&nbsp;<\/b><\/p>\n<p><span style=\"font-weight: 400\">No <\/span><b>Brasil,<\/b><span style=\"font-weight: 400\"> segundo o painel de monitoramento do Minist\u00e9rio da Sa\u00fade, o n\u00famero de casos confirmados \u00e9 de <\/span><b>10.646.926<\/b><span style=\"font-weight: 400\"> pessoas infectadas por covid-19, com 59.925 novos casos em um per\u00edodo de 24h. O n\u00famero total de \u00f3bitos chegou a <\/span><b>257.361<\/b><span style=\"font-weight: 400\">.&nbsp;<\/span><\/p>\n<p><span style=\"font-weight: 400\">J\u00e1 no Mundo, segundo dados da Organiza\u00e7\u00e3o Mundial da Sa\u00fade (OMS) e da Universidade Johns Hopkins, o n\u00famero de casos confirmados contabilizou em <\/span><b>114.140.104<\/b><span style=\"font-weight: 400\"> pessoas infectadas pela doen\u00e7a. Desse n\u00famero, <\/span><b>2.535.520<\/b><span style=\"font-weight: 400\"> casos evolu\u00edram a \u00f3bito. O Brasil ocupa o terceiro lugar em n\u00famero de casos confirmados. Os Estados Unidos \u00e9 o primeiro em n\u00famero de casos e \u00f3bitos e, a \u00cdndia, ocupa o segundo lugar em casos confirmados, com <\/span><b>11.139.516<\/b><span style=\"font-weight: 400\"> pessoas infectadas e o quarto lugar em n\u00fameros de \u00f3bitos, com <\/span><b>157.346<\/b><span style=\"font-weight: 400\"> casos.&nbsp; O M\u00e9xico fica em terceiro lugar em \u00f3bitos, com total de <\/span><b>187.187<\/b><span style=\"font-weight: 400\"> vidas perdidas.&nbsp;<\/span><\/p>\n<p><span style=\"font-weight: 400\">Nos <\/span><b>Pa\u00edses Africanos de L\u00edngua Portuguesa<\/b><span style=\"font-weight: 400\">, segundo o painel de monitoramento da OMS, o n\u00famero de casos confirmados chegou a <\/span><b>107.078<\/b><span style=\"font-weight: 400\"> pessoas infectadas, com um total de <\/span><b>1.478 <\/b><span style=\"font-weight: 400\">\u00f3bitos.&nbsp;<\/span><\/p>\n<p><span style=\"font-weight: 400\">At\u00e9 o dia 2 de mar\u00e7o, a Vigil\u00e2ncia Ativa da <\/span><b>UnB<\/b><span style=\"font-weight: 400\">, que acompanha a situa\u00e7\u00e3o de sa\u00fade das pessoas cadastradas, estava com <\/span><b>1.513 <\/b><span style=\"font-weight: 400\">cadastros. Deste n\u00famero, 74% s\u00e3o mulheres e 26% homens. O Sitrep UnB tamb\u00e9m traz informa\u00e7\u00f5es sobre o aplicativo Guardi\u00f5es da Sa\u00fade.&nbsp;<\/span><\/p>\n<p><span style=\"font-weight: 400\">Confira <\/span><a href=\"https:\/\/sds.unb.br\/es\/relatorios-de-situacao\/?view_mode=cards&amp;perpage=12&amp;order=DESC&amp;orderby=date&amp;fetch_only_meta=&amp;paged=1&amp;fetch_only=thumbnail%2Ccreation_date%2Ctitle%2Cdescription\"><b>aqui<\/b><\/a><span style=\"font-weight: 400\"> mais detalhes sobre os Sitreps com atualiza\u00e7\u00f5es at\u00e9 2 de mar\u00e7o.&nbsp;<\/span><\/p>","protected":false},"excerpt":{"rendered":"<p>SDS\/UnB disponibiliza novos dados do coronav\u00edrus no DF, Brasil, mundo, Palop e da vigil\u00e2ncia ativa da UnB, por meio de Relat\u00f3rios de Situa\u00e7\u00e3o\u00a0<\/p>\n<p> <a class=\"more-link\" href=\"https:\/\/sds.unb.br\/es\/consulte-as-atualizacoes-dos-sitreps-ate-2-de-marco\/\">Leer m\u00e1s<\/a><\/p>","protected":false},"author":28,"featured_media":15091,"comment_status":"open","ping_status":"open","sticky":false,"template":"","format":"standard","meta":{"footnotes":""},"categories":[156],"tags":[69,63,126],"tnc_tax_1420":[],"class_list":{"0":"post-15274","1":"post","2":"type-post","3":"status-publish","4":"format-standard","5":"has-post-thumbnail","7":"category-noticias","8":"tag-coronavirus","9":"tag-covid-19","10":"tag-sitrep"},"views":439,"_links":{"self":[{"href":"https:\/\/sds.unb.br\/es\/wp-json\/wp\/v2\/posts\/15274","targetHints":{"allow":["GET"]}}],"collection":[{"href":"https:\/\/sds.unb.br\/es\/wp-json\/wp\/v2\/posts"}],"about":[{"href":"https:\/\/sds.unb.br\/es\/wp-json\/wp\/v2\/types\/post"}],"author":[{"embeddable":true,"href":"https:\/\/sds.unb.br\/es\/wp-json\/wp\/v2\/users\/28"}],"replies":[{"embeddable":true,"href":"https:\/\/sds.unb.br\/es\/wp-json\/wp\/v2\/comments?post=15274"}],"version-history":[{"count":5,"href":"https:\/\/sds.unb.br\/es\/wp-json\/wp\/v2\/posts\/15274\/revisions"}],"predecessor-version":[{"id":23121,"href":"https:\/\/sds.unb.br\/es\/wp-json\/wp\/v2\/posts\/15274\/revisions\/23121"}],"wp:featuredmedia":[{"embeddable":true,"href":"https:\/\/sds.unb.br\/es\/wp-json\/wp\/v2\/media\/15091"}],"wp:attachment":[{"href":"https:\/\/sds.unb.br\/es\/wp-json\/wp\/v2\/media?parent=15274"}],"wp:term":[{"taxonomy":"category","embeddable":true,"href":"https:\/\/sds.unb.br\/es\/wp-json\/wp\/v2\/categories?post=15274"},{"taxonomy":"post_tag","embeddable":true,"href":"https:\/\/sds.unb.br\/es\/wp-json\/wp\/v2\/tags?post=15274"},{"taxonomy":"tnc_tax_1420","embeddable":true,"href":"https:\/\/sds.unb.br\/es\/wp-json\/wp\/v2\/tnc_tax_1420?post=15274"}],"curies":[{"name":"wp","href":"https:\/\/api.w.org\/{rel}","templated":true}]}}