{"id":15124,"date":"2021-03-02T15:35:40","date_gmt":"2021-03-02T18:35:40","guid":{"rendered":"https:\/\/sds.unb.br\/?p=15124"},"modified":"2021-03-11T15:47:01","modified_gmt":"2021-03-11T18:47:01","slug":"2o-congresso-latino-americano-e-brasileiro-do-redcap","status":"publish","type":"post","link":"https:\/\/sds.unb.br\/es\/2o-congresso-latino-americano-e-brasileiro-do-redcap\/","title":{"rendered":"2\u00ba Congresso Latino-Americano e Brasileiro do REDCap"},"content":{"rendered":"<p><i><span style=\"font-weight: 400\">Colaborador da SDS\/UnB ser\u00e1 moderador em\u00a0 painel de discuss\u00e3o<\/span><\/i><\/p>\n<p><span style=\"font-weight: 400\">*Com informa\u00e7\u00f5es da p\u00e1gina eletr\u00f4nica do REDCapCon<\/span><\/p>\n<p><span style=\"font-weight: 400\">Com o tema <\/span><i><span style=\"font-weight: 400\">\u201cInova\u00e7\u00f5es e Tend\u00eancias na Ci\u00eancia de Dados aplicada \u00e0 Pesquisa Cient\u00edfica em Sa\u00fade\u201d<\/span><\/i><span style=\"font-weight: 400\">, entre os dias 3 e 5 de mar\u00e7o, ocorrer\u00e1 o 2\u00ba Congresso Latino-Americano e Brasileiro do REDCap (REDCapCon).\u00a0\u00a0<\/span><\/p>\n<p><span style=\"font-weight: 400\">O evento \u00e9 uma das oportunidades mais relevantes para promover a troca de experi\u00eancias entre pesquisadores e administradores do REDCap de diversas institui\u00e7\u00f5es nacionais e internacionais.\u00a0<\/span><\/p>\n<p><span style=\"font-weight: 400\">A programa\u00e7\u00e3o cient\u00edfica contar\u00e1 com a participa\u00e7\u00e3o dos respons\u00e1veis pelo desenvolvimento do <\/span><i><span style=\"font-weight: 400\">software<\/span><\/i><span style=\"font-weight: 400\"> REDCap nos Estados Unidos e com a presen\u00e7a dos principais l\u00edderes do Brasil e da Am\u00e9rica Latina.\u00a0<\/span><\/p>\n<p><span style=\"font-weight: 400\">O servidor da Universidade de Bras\u00edlia em infraestrutura de Tecnologia e colaborador da Sala de Situa\u00e7\u00e3o da UnB, Jo\u00e3o Paulo Fernandes, ser\u00e1 moderador do painel de discuss\u00e3o <\/span><i><span style=\"font-weight: 400\">\u201cComo gerenciar a inst\u00e2ncia do REDCap na sua institui\u00e7\u00e3o\u201d<\/span><\/i><span style=\"font-weight: 400\">, marcado para sexta-feira (5), entre 8h30 e 10h15. \u201cEspero absorver experi\u00eancias dos colegas que ir\u00e3o participar e trazer melhorias para a nossa plataforma da REDCap dentro da Sala de Situa\u00e7\u00e3o\u201d, afirma o colaborador.\u00a0<\/span><\/p>\n<p><span style=\"font-weight: 400\">Saiba mais sobre o congresso pelo <\/span><a href=\"https:\/\/www.redcapbrasil.com.br\/redcapcon\/pt\/#home\"><b>link<\/b><\/a><\/p>\n<p><b>REDCap<\/b><\/p>\n<p><span style=\"font-weight: 400\">\u00c9 uma plataforma digital para coleta de dados, de uso amig\u00e1vel e que pode ser usada a partir de um computador, tablet e smartphones. Com funcionamento nos modos <\/span><i><span style=\"font-weight: 400\">online<\/span><\/i><span style=\"font-weight: 400\"> e <\/span><i><span style=\"font-weight: 400\">offline<\/span><\/i><span style=\"font-weight: 400\">, substitui o obsoleto e pouco confi\u00e1vel processo com uso de formul\u00e1rios de papel e anota\u00e7\u00f5es manuscritas na coleta de dados.\u00a0<\/span><\/p>\n<p><span style=\"font-weight: 400\">Saiba mais sobre a ferramenta <a href=\"https:\/\/sds.unb.br\/es\/redcap-sala-de-situacao\/\">aqui<\/a><\/span><\/p>\n<p>&nbsp;<\/p>","protected":false},"excerpt":{"rendered":"<p>Colaborador da SDS\/UnB ser\u00e1 moderador em\u00a0 painel de discuss\u00e3o<\/p>\n<p> <a class=\"more-link\" href=\"https:\/\/sds.unb.br\/es\/2o-congresso-latino-americano-e-brasileiro-do-redcap\/\">Leer m\u00e1s<\/a><\/p>","protected":false},"author":28,"featured_media":15132,"comment_status":"open","ping_status":"open","sticky":false,"template":"","format":"standard","meta":{"footnotes":""},"categories":[1],"tags":[135],"tnc_tax_1420":[],"class_list":{"0":"post-15124","1":"post","2":"type-post","3":"status-publish","4":"format-standard","5":"has-post-thumbnail","7":"category-uncategorized","8":"tag-redcap"},"views":431,"_links":{"self":[{"href":"https:\/\/sds.unb.br\/es\/wp-json\/wp\/v2\/posts\/15124","targetHints":{"allow":["GET"]}}],"collection":[{"href":"https:\/\/sds.unb.br\/es\/wp-json\/wp\/v2\/posts"}],"about":[{"href":"https:\/\/sds.unb.br\/es\/wp-json\/wp\/v2\/types\/post"}],"author":[{"embeddable":true,"href":"https:\/\/sds.unb.br\/es\/wp-json\/wp\/v2\/users\/28"}],"replies":[{"embeddable":true,"href":"https:\/\/sds.unb.br\/es\/wp-json\/wp\/v2\/comments?post=15124"}],"version-history":[{"count":5,"href":"https:\/\/sds.unb.br\/es\/wp-json\/wp\/v2\/posts\/15124\/revisions"}],"predecessor-version":[{"id":15131,"href":"https:\/\/sds.unb.br\/es\/wp-json\/wp\/v2\/posts\/15124\/revisions\/15131"}],"wp:featuredmedia":[{"embeddable":true,"href":"https:\/\/sds.unb.br\/es\/wp-json\/wp\/v2\/media\/15132"}],"wp:attachment":[{"href":"https:\/\/sds.unb.br\/es\/wp-json\/wp\/v2\/media?parent=15124"}],"wp:term":[{"taxonomy":"category","embeddable":true,"href":"https:\/\/sds.unb.br\/es\/wp-json\/wp\/v2\/categories?post=15124"},{"taxonomy":"post_tag","embeddable":true,"href":"https:\/\/sds.unb.br\/es\/wp-json\/wp\/v2\/tags?post=15124"},{"taxonomy":"tnc_tax_1420","embeddable":true,"href":"https:\/\/sds.unb.br\/es\/wp-json\/wp\/v2\/tnc_tax_1420?post=15124"}],"curies":[{"name":"wp","href":"https:\/\/api.w.org\/{rel}","templated":true}]}}