{"id":14696,"date":"2021-02-11T19:47:04","date_gmt":"2021-02-11T22:47:04","guid":{"rendered":"https:\/\/sds.unb.br\/?p=14696"},"modified":"2022-08-03T19:08:19","modified_gmt":"2022-08-03T22:08:19","slug":"confira-as-atualizacoes-do-sitrep-ate-9-de-fevereiro","status":"publish","type":"post","link":"https:\/\/sds.unb.br\/es\/confira-as-atualizacoes-do-sitrep-ate-9-de-fevereiro\/","title":{"rendered":"Confira as atualiza\u00e7\u00f5es do Sitrep at\u00e9 9 de fevereiro"},"content":{"rendered":"<p><i><span style=\"font-weight: 400;\">Equipe da SDS apresenta relat\u00f3rios de situa\u00e7\u00e3o com novos dados da pandemia no DF, Brasil, mundo, Palop e da vigil\u00e2ncia ativa da UnB<\/span><\/i><\/p>\n<p><span style=\"font-weight: 400;\">J\u00e1 est\u00e3o dispon\u00edveis os Relat\u00f3rios de Situa\u00e7\u00e3o, ou <\/span><i><span style=\"font-weight: 400;\">Situation Reports (Sitreps)<\/span><\/i><span style=\"font-weight: 400;\">, sobre a Covid-19, produzidos, semanalmente, pela equipe da Sala de Situa\u00e7\u00e3o da Universidade de Bras\u00edlia (SDS\/UnB).<\/span><\/p>\n<p><span style=\"font-weight: 400;\">Os documentos s\u00e3o materiais t\u00e9cnicos, com an\u00e1lises epidemiol\u00f3gicas dos casos, \u00f3bitos, insumos, entre outras informa\u00e7\u00f5es disponibilizadas por meio de bancos de dados e pain\u00e9is de monitoramento oficiais. As <\/span><b>atualiza\u00e7\u00f5es foram realizadas na \u00faltima ter\u00e7a-feira (9)<\/b><span style=\"font-weight: 400;\">, com informa\u00e7\u00f5es referentes ao Distrito Federal, Brasil, mundo e aos Pa\u00edses Africanos de L\u00edngua Oficial Portuguesa (Palop), al\u00e9m de trazer elementos sobre a vigil\u00e2ncia ativa na UnB.\u00a0<\/span><\/p>\n<p><span style=\"font-weight: 400;\">No <\/span><b>DF<\/b><span style=\"font-weight: 400;\">, a atualiza\u00e7\u00e3o mostra, de acordo com o painel de monitoramento da Secretaria de Sa\u00fade (SES\/DF), que o n\u00famero de pessoas infectadas pelo coronav\u00edrus chegou a 278.316, com 409 novos casos em um per\u00edodo de 24h. O n\u00famero total de \u00f3bitos j\u00e1 est\u00e1 em 4.573.<\/span><\/p>\n<p><span style=\"font-weight: 400;\">No <\/span><b>Brasil<\/b><span style=\"font-weight: 400;\">, segundo o painel de monitoramento do Minist\u00e9rio da Sa\u00fade, o n\u00famero de casos confirmados contabilizou 9.599.565 pessoas infectadas, com 51.486 novos casos em um per\u00edodo de 24h. O n\u00famero total de \u00f3bitos chegou a 233.520.<\/span><\/p>\n<p><span style=\"font-weight: 400;\">J\u00e1 no<\/span><b> mundo<\/b><span style=\"font-weight: 400;\">, com informa\u00e7\u00f5es do painel de monitoramento da Organiza\u00e7\u00e3o Mundial de Sa\u00fade (OMS), consultado na data de atualiza\u00e7\u00e3o do material, o n\u00famero de casos confirmados contabilizou em 106.125.682 pessoas infectadas por covid-19, com 304.166 novos casos em 24h. O n\u00famero total de \u00f3bitos chegou a 2.320.497.<\/span><\/p>\n<p><span style=\"font-weight: 400;\">Nos <\/span><b>Pa\u00edses Africanos de L\u00edngua Portuguesa<\/b><span style=\"font-weight: 400;\">, segundo o painel de monitoramento da OMS, o n\u00famero de casos confirmados chegou a 89.224 pessoas infectadas, com um total de 1.231 \u00f3bitos.\u00a0<\/span><\/p>\n<p><span style=\"font-weight: 400;\">At\u00e9 o dia 9 de fevereiro, a Vigil\u00e2ncia Ativa da UnB, que acompanha a situa\u00e7\u00e3o de sa\u00fade das pessoas cadastradas, estava com 1.189 inscritos. Deste n\u00famero, 56% s\u00e3o mulheres e 44% homens. O Sitrep UnB tamb\u00e9m traz informa\u00e7\u00f5es sobre o aplicativo Guardi\u00f5es da Sa\u00fade, que at\u00e9 a data da atualiza\u00e7\u00e3o somava 27.939 usu\u00e1rios registrados. O app tem como objetivo estimular a vigil\u00e2ncia participativa em sa\u00fade.\u00a0 Confira mais detalhes sobre os Sitreps pelos arquivos abaixo.\u00a0<\/span><\/p>\n<p><b>Confira <a href=\"https:\/\/sds.unb.br\/es\/relatorios-de-situacao\/?view_mode=cards&amp;perpage=12&amp;order=DESC&amp;orderby=date&amp;fetch_only_meta=&amp;paged=1&amp;fetch_only=thumbnail%2Ccreation_date%2Ctitle%2Cdescription\">aqui<\/a> os Relat\u00f3rios de Situa\u00e7\u00e3o com atualiza\u00e7\u00f5es em 9 de fevereiro de 2021<\/b><\/p>\n<p>&nbsp;<\/p>\n<p>&nbsp;<\/p>","protected":false},"excerpt":{"rendered":"<p>Equipe da SDS apresenta relat\u00f3rios de situa\u00e7\u00e3o com novos dados da pandemia no DF, Brasil, mundo, Palop e da vigil\u00e2ncia ativa da UnB<\/p>\n<p> <a class=\"more-link\" href=\"https:\/\/sds.unb.br\/es\/confira-as-atualizacoes-do-sitrep-ate-9-de-fevereiro\/\">Leer m\u00e1s<\/a><\/p>","protected":false},"author":28,"featured_media":14697,"comment_status":"open","ping_status":"open","sticky":false,"template":"","format":"standard","meta":{"footnotes":""},"categories":[156],"tags":[69,63,62,126],"tnc_tax_1420":[],"class_list":{"0":"post-14696","1":"post","2":"type-post","3":"status-publish","4":"format-standard","5":"has-post-thumbnail","7":"category-noticias","8":"tag-coronavirus","9":"tag-covid-19","10":"tag-noticias","11":"tag-sitrep"},"views":441,"_links":{"self":[{"href":"https:\/\/sds.unb.br\/es\/wp-json\/wp\/v2\/posts\/14696","targetHints":{"allow":["GET"]}}],"collection":[{"href":"https:\/\/sds.unb.br\/es\/wp-json\/wp\/v2\/posts"}],"about":[{"href":"https:\/\/sds.unb.br\/es\/wp-json\/wp\/v2\/types\/post"}],"author":[{"embeddable":true,"href":"https:\/\/sds.unb.br\/es\/wp-json\/wp\/v2\/users\/28"}],"replies":[{"embeddable":true,"href":"https:\/\/sds.unb.br\/es\/wp-json\/wp\/v2\/comments?post=14696"}],"version-history":[{"count":4,"href":"https:\/\/sds.unb.br\/es\/wp-json\/wp\/v2\/posts\/14696\/revisions"}],"predecessor-version":[{"id":23116,"href":"https:\/\/sds.unb.br\/es\/wp-json\/wp\/v2\/posts\/14696\/revisions\/23116"}],"wp:featuredmedia":[{"embeddable":true,"href":"https:\/\/sds.unb.br\/es\/wp-json\/wp\/v2\/media\/14697"}],"wp:attachment":[{"href":"https:\/\/sds.unb.br\/es\/wp-json\/wp\/v2\/media?parent=14696"}],"wp:term":[{"taxonomy":"category","embeddable":true,"href":"https:\/\/sds.unb.br\/es\/wp-json\/wp\/v2\/categories?post=14696"},{"taxonomy":"post_tag","embeddable":true,"href":"https:\/\/sds.unb.br\/es\/wp-json\/wp\/v2\/tags?post=14696"},{"taxonomy":"tnc_tax_1420","embeddable":true,"href":"https:\/\/sds.unb.br\/es\/wp-json\/wp\/v2\/tnc_tax_1420?post=14696"}],"curies":[{"name":"wp","href":"https:\/\/api.w.org\/{rel}","templated":true}]}}