{"id":14520,"date":"2021-02-12T12:59:01","date_gmt":"2021-02-12T15:59:01","guid":{"rendered":"https:\/\/sds.unb.br\/?p=14520"},"modified":"2021-02-24T14:06:36","modified_gmt":"2021-02-24T17:06:36","slug":"oportunidade-consultor-programa-stop-malaria","status":"publish","type":"post","link":"https:\/\/sds.unb.br\/es\/oportunidade-consultor-programa-stop-malaria\/","title":{"rendered":"OPORTUNIDADE &#8211; Consultor programa STOP-Mal\u00e1ria"},"content":{"rendered":"<p class=\"has-custom-size\" style=\"font-size:12px\">Por: Mariana Ferreira Lopes<br>Cr\u00e9ditos: Acervo Funda\u00e7\u00e3o Oswaldo Cruz<\/p>\n\n\n\n<p>Est\u00e3o abertas as inscri\u00e7\u00f5es para<strong> consultores volunt\u00e1rios <\/strong>da 3\u00aa edi\u00e7\u00e3o do Programa <strong>STOP-Mal\u00e1ria<\/strong>, uma iniciativa do Programa Global contra a Mal\u00e1ria da Organiza\u00e7\u00e3o Mundial da Sa\u00fade (OMS) em parceria com o Programa STOP do Centro de Controle e Preven\u00e7\u00e3o de Doen\u00e7as dos Estados Unidos (CDC) e da OMS. <strong>A chamada se encerra em 19 de fevereiro<\/strong>.&nbsp;<\/p>\n\n\n\n<p>O objetivo do STOP-Mal\u00e1ria \u00e9 desenvolver capacidades e fortalecer t\u00e9cnicas para erradicar a transmiss\u00e3o de mal\u00e1ria e prevenir o seu restabelecimento em pa\u00edses que est\u00e3o pr\u00f3ximos \u00e0 elimina\u00e7\u00e3o da doen\u00e7a. Os consultores ir\u00e3o orientar e apoiar as estrat\u00e9gias em n\u00edvel subnacional de vigil\u00e2ncia epidemiol\u00f3gica, medidas de controle da mal\u00e1ria e atividades de respostas, em parceria com as institui\u00e7\u00f5es de sa\u00fade locais.&nbsp;<\/p>\n\n\n\n<p>Os candidatos selecionados ir\u00e3o participar de um treinamento virtual em maio deste ano. O deslocamento para os pa\u00edses de atua\u00e7\u00e3o ser\u00e1 em julho de 2021 e a implanta\u00e7\u00e3o ter\u00e1 um per\u00edodo aproximado de 11 meses. O programa \u00e9 volunt\u00e1rio e s\u00e3o pagas uma ajuda de custo di\u00e1ria e a cobertura dos gastos com passagens a\u00e9reas.&nbsp;&nbsp;&nbsp;<\/p>\n\n\n\n<p><strong>Perfil das vagas<\/strong><\/p>\n\n\n\n<p>Os requisitos para consultor do programa s\u00e3o:<\/p>\n\n\n\n<p><strong>Forma\u00e7\u00e3o: <\/strong>Diploma avan\u00e7ado, mestrado ou grau superior de estudo, em epidemiologia, sa\u00fade p\u00fablica ou \u00e1reas correlatas. \u00c9 considerada equivalente a comprova\u00e7\u00e3o de experi\u00eancia profissional superior a 10 anos em a\u00e7\u00f5es de controle e vigil\u00e2ncia da mal\u00e1ria.<\/p>\n\n\n\n<p><strong>Experi\u00eancia: <\/strong>&nbsp;M\u00ednimo de cinco anos de viv\u00eancia profissional no campo da vigil\u00e2ncia em&nbsp; sa\u00fade p\u00fablica de doen\u00e7as infecciosas, com pelo menos tr\u00eas anos de vigil\u00e2ncia da mal\u00e1ria, ou cinco anos de experi\u00eancia em a\u00e7\u00f5es de controle da mal\u00e1ria.&nbsp;<\/p>\n\n\n\n<p><strong>Habilidades: <\/strong>Conhecimentos avan\u00e7ados de abordagens de vigil\u00e2ncia ou estrat\u00e9gias de controle de mal\u00e1ria.&nbsp; Excelentes habilidades interpessoais, incluindo integridade, bom julgamento, trabalho em equipe e diplomacia. Capacidade de trabalhar rapidamente, sob press\u00e3o e com autonomia, iniciativa, e organiza\u00e7\u00e3o. Vontade e capacidade de assumir responsabilidades, capacidade de trabalhar em v\u00e1rias tarefas ao mesmo tempo e priorizar a carga de trabalho em um ambiente pressionado com demandas concorrentes e altas expectativas.<\/p>\n\n\n\n<p><strong>Idiomas: <\/strong>Profici\u00eancia na l\u00edngua inglesa \u00e9 necess\u00e1ria, flu\u00eancia em portugu\u00eas, franc\u00eas ou espanhol \u00e9 desejada.&nbsp;<\/p>\n\n\n\n<p><\/p>\n\n\n\n<p><strong>Mais informa\u00e7\u00f5es podem ser encontradas <\/strong><a rel=\"noreferrer noopener\" href=\"https:\/\/www.who.int\/news-room\/articles-detail\/consultants-for-stop-malaria-programme\" target=\"_blank\"><strong>aqui<\/strong><\/a><\/p>","protected":false},"excerpt":{"rendered":"<p>Por: Mariana Ferreira LopesCr\u00e9ditos: Acervo Funda\u00e7\u00e3o Oswaldo Cruz Est\u00e3o abertas as inscri\u00e7\u00f5es para consultores volunt\u00e1rios da 3\u00aa edi\u00e7\u00e3o do Programa STOP-Mal\u00e1ria, uma iniciativa do Programa Global contra a Mal\u00e1ria da Organiza\u00e7\u00e3o Mundial da Sa\u00fade (OMS) em parceria com o Programa STOP do Centro de Controle e Preven\u00e7\u00e3o de Doen\u00e7as dos Estados Unidos (CDC) e da OMS. A chamada se encerra em 19 de fevereiro.&nbsp; O objetivo&hellip;<\/p>\n<p> <a class=\"more-link\" href=\"https:\/\/sds.unb.br\/es\/oportunidade-consultor-programa-stop-malaria\/\">Leer m\u00e1s<\/a><\/p>","protected":false},"author":26,"featured_media":14701,"comment_status":"open","ping_status":"open","sticky":false,"template":"","format":"standard","meta":{"footnotes":""},"categories":[1],"tags":[62],"tnc_tax_1420":[],"class_list":{"0":"post-14520","1":"post","2":"type-post","3":"status-publish","4":"format-standard","5":"has-post-thumbnail","7":"category-uncategorized","8":"tag-noticias"},"views":563,"_links":{"self":[{"href":"https:\/\/sds.unb.br\/es\/wp-json\/wp\/v2\/posts\/14520","targetHints":{"allow":["GET"]}}],"collection":[{"href":"https:\/\/sds.unb.br\/es\/wp-json\/wp\/v2\/posts"}],"about":[{"href":"https:\/\/sds.unb.br\/es\/wp-json\/wp\/v2\/types\/post"}],"author":[{"embeddable":true,"href":"https:\/\/sds.unb.br\/es\/wp-json\/wp\/v2\/users\/26"}],"replies":[{"embeddable":true,"href":"https:\/\/sds.unb.br\/es\/wp-json\/wp\/v2\/comments?post=14520"}],"version-history":[{"count":3,"href":"https:\/\/sds.unb.br\/es\/wp-json\/wp\/v2\/posts\/14520\/revisions"}],"predecessor-version":[{"id":14702,"href":"https:\/\/sds.unb.br\/es\/wp-json\/wp\/v2\/posts\/14520\/revisions\/14702"}],"wp:featuredmedia":[{"embeddable":true,"href":"https:\/\/sds.unb.br\/es\/wp-json\/wp\/v2\/media\/14701"}],"wp:attachment":[{"href":"https:\/\/sds.unb.br\/es\/wp-json\/wp\/v2\/media?parent=14520"}],"wp:term":[{"taxonomy":"category","embeddable":true,"href":"https:\/\/sds.unb.br\/es\/wp-json\/wp\/v2\/categories?post=14520"},{"taxonomy":"post_tag","embeddable":true,"href":"https:\/\/sds.unb.br\/es\/wp-json\/wp\/v2\/tags?post=14520"},{"taxonomy":"tnc_tax_1420","embeddable":true,"href":"https:\/\/sds.unb.br\/es\/wp-json\/wp\/v2\/tnc_tax_1420?post=14520"}],"curies":[{"name":"wp","href":"https:\/\/api.w.org\/{rel}","templated":true}]}}