{"id":14206,"date":"2021-02-01T12:36:23","date_gmt":"2021-02-01T15:36:23","guid":{"rendered":"https:\/\/sds.unb.br\/?p=14206"},"modified":"2021-02-01T21:06:56","modified_gmt":"2021-02-02T00:06:56","slug":"df-comeca-1a-fase-da-vacinacao-contra-a-covid-19-para-a-populacao-em-geral","status":"publish","type":"post","link":"https:\/\/sds.unb.br\/es\/df-comeca-1a-fase-da-vacinacao-contra-a-covid-19-para-a-populacao-em-geral\/","title":{"rendered":"DF come\u00e7a 1\u00aa fase da vacina\u00e7\u00e3o contra a covid-19 para a popula\u00e7\u00e3o com mais de 80 anos"},"content":{"rendered":"<p>Idosos  s\u00e3o o grupo priorit\u00e1rio atendido e cuidados devem ser refor\u00e7ados para evitar aglomera\u00e7\u00f5es nas salas de vacina\u00e7\u00e3o<\/p>\n\n\n\n<p>Por: Mariana Ferreira Lopes<\/p>\n\n\n\n<p class=\"has-custom-size\" style=\"font-size:12px\">Cr\u00e9ditos: Acervo Fiocruz Imagens<\/p>\n\n\n\n<p>Tem in\u00edcio hoje, 01, a vacina\u00e7\u00e3o contra covid-19 de idosos com mais de 80 anos no Distrito Federal. Na primeira etapa de imuniza\u00e7\u00e3o da popula\u00e7\u00e3o em geral, a Secretaria de Sa\u00fade do DF estima alcan\u00e7ar cerca de 42 mil pessoas nessa faixa et\u00e1ria. S\u00e3o 36 salas de vacina\u00e7\u00e3o, sendo 30 unidades b\u00e1sicas de sa\u00fade e seis locais estrat\u00e9gicos como gin\u00e1sios e escolas. J\u00e1 nos pontos de drive-thru,&nbsp; a vacina\u00e7\u00e3o ir\u00e1 come\u00e7ar nesta ter\u00e7a-feira, 02. O hor\u00e1rio de atendimento \u00e9 das 08h \u00e0s 17h.&nbsp;<\/p>\n\n\n\n<p>Para receber a vacina, \u00e9 preciso levar um documento de identidade com foto e o n\u00famero de inscri\u00e7\u00e3o no CPF. Equipes de sa\u00fade ir\u00e3o visitar os idosos com mais de 80 anos acamados e cadastrados no N\u00facleo de Aten\u00e7\u00e3o Domiciliar. Para aqueles que n\u00e3o s\u00e3o atendidos pelo programa, a orienta\u00e7\u00e3o \u00e9 para que os respons\u00e1veis se dirijam ao ponto de vacina\u00e7\u00e3o mais pr\u00f3ximo e informem aos servidores a situa\u00e7\u00e3o. Apenas neste caso ser\u00e1 feito o agendamento da vacina\u00e7\u00e3o em domic\u00edlio.&nbsp;<\/p>\n\n\n\n<p>O Minist\u00e9rio da Sa\u00fade incentiva que seja feito um cadastro pr\u00e9vio por meio do <a rel=\"noreferrer noopener\" href=\"https:\/\/conectesus-paciente.saude.gov.br\/\" target=\"_blank\">Conecte SUS<\/a>. A ferramenta auxilia no monitoramento da vacina\u00e7\u00e3o e est\u00e1 dispon\u00edvel gratuitamente nas lojas de aplicativos online. Mas vale ressaltar que a inscri\u00e7\u00e3o n\u00e3o \u00e9 obrigat\u00f3ria para receber a vacina e que o GDF n\u00e3o ir\u00e1 fazer o agendamento ou reserva de doses da vacina.&nbsp;<\/p>\n\n\n\n<p><strong>Cuidados<\/strong><\/p>\n\n\n\n<p>A aplica\u00e7\u00e3o da vacina aos maiores de 80 anos faz parte da estrat\u00e9gia nacional de vacina\u00e7\u00e3o em priorizar os grupos que possuem mais chance de desenvolver quadros graves da doen\u00e7a. Uma das grandes preocupa\u00e7\u00f5es em torno desta e das etapas posteriores da campanha&nbsp; \u00e9 o acesso \u00e0s informa\u00e7\u00f5es sobre como e quando os diferentes p\u00fablicos ser\u00e3o vacinados e quais cuidados devem ser tomados.&nbsp;<\/p>\n\n\n\n<p>O epidemiologista da Sala de Situa\u00e7\u00e3o, Jonas Brant, refor\u00e7a a import\u00e2ncia de que a imuniza\u00e7\u00e3o seja organizada para evitar aglomera\u00e7\u00f5es, principalmente por tratar-se de um grupo de risco. \u201cO DF j\u00e1 recebeu as doses necess\u00e1rias para toda essa popula\u00e7\u00e3o, ent\u00e3o n\u00e3o h\u00e1 necessidade de que haja uma disputa por vacinas nos postos de sa\u00fade\u201d, explica Jonas.&nbsp;<\/p>\n\n\n\n<p>Definir um hor\u00e1rio pr\u00e9vio para a ida aos locais de vacina\u00e7\u00e3o, decidir quem vai acompanhar os idosos para garantir que sejam evitados contatos sociais desnecess\u00e1rios, usar corretamente m\u00e1scaras e \u00e1lcool para desinfec\u00e7\u00e3o, evitar portar adornos como brincos, colares e len\u00e7os, s\u00e3o medidas a serem adotadas por quem vai ser vacinado.&nbsp;<\/p>\n\n\n\n<p>\u201cA aglomera\u00e7\u00e3o \u00e9 o maior risco nesse momento. N\u00f3s n\u00e3o podemos ter esse risco presente no momento em que a gente est\u00e1 comemorando o acesso \u00e0 vacina. Vamos com calma, dist\u00e2ncia, paci\u00eancia, para que a gente consiga que todas as pessoas sejam vacinadas no decorrer da semana para que a vacina\u00e7\u00e3o seja ampliada para os outros grupos e assim sucessivamente\u201d, alerta o epidemiologista.&nbsp;<\/p>\n\n\n\n<p><strong>Saiba mais:<\/strong><\/p>\n\n\n\n<p>Confira os locais de vacina\u00e7\u00e3o no DF<\/p>\n\n\n\n<p><strong>PONTOS DE VACINA\u00c7\u00c3O DRIVE-THRU (a partir de ter\u00e7a-feira, 02, \u00e0s 08h)<\/strong><\/p>\n\n\n\n<p><strong>Sobradinho<\/strong><\/p>\n\n\n\n<p>UBS n\u00ba1 de Sobradinho I<\/p>\n\n\n\n<p>UBS n\u00ba2 de Sobradinho II<\/p>\n\n\n\n<p><strong>Planaltina<\/strong><\/p>\n\n\n\n<p>UNB n\u00ba5 de Planaltina<\/p>\n\n\n\n<p><strong>\u00c1guas Claras<\/strong><\/p>\n\n\n\n<p>Faculdade Unieuro<\/p>\n\n\n\n<p><strong>Parque da Cidade<\/strong><\/p>\n\n\n\n<p><strong>Pont\u00e3o do Lago Sul<\/strong><\/p>\n\n\n\n<p><strong>SALAS DE VACINA\u00c7\u00c3O<\/strong><\/p>\n\n\n\n<p><strong>Asa Norte<\/strong><\/p>\n\n\n\n<p>UBS n\u00ba 2 EQN 114\/115 \u00c1REA ESPECIAL<\/p>\n\n\n\n<p><strong>Asa Sul<\/strong><\/p>\n\n\n\n<p>UBS n\u00ba 1 Asa Sul SGAS 612 &#8211; LOTES 38\/39 &#8211; L2 SUL<\/p>\n\n\n\n<p><strong>Brazl\u00e2ndia<\/strong><\/p>\n\n\n\n<p>UBS n\u00ba 1 Brazl\u00e2ndia EQ 6\/8 lote 3 Setor Norte<\/p>\n\n\n\n<p><strong>Candangol\u00e2ndia<\/strong><\/p>\n\n\n\n<p>UBS n\u00ba 1 Candangol\u00e2ndia EQR 5\/7- \u00c1rea Especial 1 Candangol\u00e2ndia<\/p>\n\n\n\n<p><strong>Ceil\u00e2ndia<\/strong><\/p>\n\n\n\n<p>UBS n\u00ba 5 Ceil\u00e2ndia QNM 16 M\u00f3dulo F Ceil. Norte&nbsp;<\/p>\n\n\n\n<p>UBS n\u00ba 7 Ceil\u00e2ndia EQNO 10 AE D\/E Setor O<\/p>\n\n\n\n<p>UBS n\u00ba 16 Ceil\u00e2ndia SHSN trecho 1 Etapa 1 QD 500 AE 2<\/p>\n\n\n\n<p>UBS n\u00ba 17 Ceil\u00e2ndia QNP 16\/20 Setor PSUL<\/p>\n\n\n\n<p><strong>Cruzeiro<\/strong><\/p>\n\n\n\n<p>UBS n\u00ba 2 SETOR ESCOLAR LOTE 04 &#8211; CRUZEIRO VELHO<\/p>\n\n\n\n<p><strong>Gama<\/strong><\/p>\n\n\n\n<p>UBS n\u00ba 1 Gama Entrequadra 06\/12, \u00c1rea Especial, Setor Sul<\/p>\n\n\n\n<p>UBS n\u00ba 3 Gama E\/Q 03\/05, \u00c1rea Especial, Setor leste<\/p>\n\n\n\n<p>UBS n\u00ba 5 Gama \u00c1rea Especial, Lote 38 Setor central- Lado Leste<\/p>\n\n\n\n<p><strong>Guar\u00e1<\/strong><\/p>\n\n\n\n<p>UBS n\u00ba 1 Guar\u00e1 QE 06 Lote C- \u00c1rea especial S\/N Guar\u00e1 I<\/p>\n\n\n\n<p>UBS n\u00ba 2 Guar\u00e1 QE 23 Lote C \u00c1rea Especial S\/N Guar\u00e1 II<\/p>\n\n\n\n<p>UBS n\u00ba 3 Guar\u00e1 QE 38 \u00c1rea Especial s\/N Guar\u00e1 II<\/p>\n\n\n\n<p>UBS n\u00ba 4 Guar\u00e1 QELC-EQ 2\/3 &#8211; Conjunto L\u00facio Costa<\/p>\n\n\n\n<p><strong>Itapo\u00e3<\/strong><\/p>\n\n\n\n<p>Quadra Poliesportiva do Itapo\u00e3 (ao lado da UBS 2 Itapo\u00e3) Quadra 61, \u00e1rea especial Del lago, Itapo\u00e3<\/p>\n\n\n\n<p><strong>Lago Norte<\/strong><\/p>\n\n\n\n<p>UBS n\u00ba 1 Lago Norte SHIN QI 03 \u00c1REA ESPECIAL<\/p>\n\n\n\n<p><strong>Lago Sul<\/strong><\/p>\n\n\n\n<p>Policl\u00ednica Lago Sul St. de Habita\u00e7\u00f5es Individuais Sul QI 21 &#8211; Lago Sul, Bras\u00edlia &#8211; DF, 71655-600<\/p>\n\n\n\n<p><strong>N\u00facleo Bandeirante<\/strong><\/p>\n\n\n\n<p>UBS n\u00ba 1 N\u00facleo Bandeirante 3\u00aa Avenida- \u00c1rea especial n\u00ba 3<\/p>\n\n\n\n<p><strong>Parano\u00e1<\/strong><\/p>\n\n\n\n<p>Quadra coberta ao lado da administra\u00e7\u00e3o do Parano\u00e1, Pra\u00e7a Central s\/n, Lt 1, Parano\u00e1<\/p>\n\n\n\n<p><strong>Planaltina<\/strong><\/p>\n\n\n\n<p>Jardim de Inf\u00e2ncia Casa de Viv\u00eancia Avenida, NS01, \u00c1rea Especial 09, SRL Planaltina<\/p>\n\n\n\n<p>UBS n\u00ba 5 Planaltina Quadra 12 D Conjunto A \u00c1rea Especial Arapoanga, Planaltina<\/p>\n\n\n\n<p><strong>Recanto das Emas<\/strong><\/p>\n\n\n\n<p>UBS n\u00ba3 Recanto das Emas QUADRA 104\/105 \u00c1REA ESPECIAL<\/p>\n\n\n\n<p><strong>&nbsp;Riacho Fundo<\/strong><\/p>\n\n\n\n<p>UBS n\u00ba 1 Riacho Fundo I QN09- \u00c1rea especial n\u00ba 11<\/p>\n\n\n\n<p>UBS n\u00ba 1 Riacho Fundo II QC 06 conjunto 16- \u00c1rea Especial Lote 1<\/p>\n\n\n\n<p><strong>Riacho Fundo 2<\/strong><\/p>\n\n\n\n<p>QC 01 conjunto 10- Lote 01 Riacho Fundo 2<\/p>\n\n\n\n<p>UBS n\u00ba 2<\/p>\n\n\n\n<p><strong>Samambaia<\/strong><\/p>\n\n\n\n<p>UBS n\u00ba 2 Samambaia QS 611 AE 02<\/p>\n\n\n\n<p><strong>Santa Maria<\/strong><\/p>\n\n\n\n<p>Col\u00e9gio Paloma QR 207\/307, Conjunto T, \u00c1rea Especial<\/p>\n\n\n\n<p>UBS n\u00ba 2 Santa Maria EQ 217\/317- \u00c1rea Especial Lote E<\/p>\n\n\n\n<p><strong>S\u00e3o Sebasti\u00e3o<\/strong><\/p>\n\n\n\n<p>CAIC UNESCO Quadra 05, conjunto A, \u00e1rea especial, Centro, S\u00e3o Sebasti\u00e3o<\/p>\n\n\n\n<p><strong>SCIA\/Estrutural<\/strong><\/p>\n\n\n\n<p>UBS n\u00ba 1 Estrutural AE 01 Setor Central Vila Estrutural<\/p>\n\n\n\n<p><strong>Sobradinho<\/strong><\/p>\n\n\n\n<p>UBS n\u00ba 1 Sobradinho Quadra 14, \u00c1rea Especial 22\/23 Sobradinho<\/p>\n\n\n\n<p>UBS n\u00ba 2&nbsp;<\/p>\n\n\n\n<p><strong>Sobradinho 2<\/strong><\/p>\n\n\n\n<p>Rodovia DF-420, complexo de sa\u00fade, Setor de Mans\u00f5es ao lado da UPA de Sobradinho<\/p>\n\n\n\n<p><strong>Taguatinga<\/strong><\/p>\n\n\n\n<p>UBS n\u00ba 1 Taguatinga QNG AE 18\/19<\/p>\n\n\n\n<p>UBS n\u00ba 5 Taguatinga SETOR D SUL AE 23<\/p>\n\n\n\n<p><\/p>","protected":false},"excerpt":{"rendered":"<p>Idosos com mais de 80 s\u00e3o o p\u00fablico priorit\u00e1rio desta etapa inicial. S\u00e3o 36 salas de vacina\u00e7\u00e3o e postos de drive-thru. <\/p>\n<p> <a class=\"more-link\" href=\"https:\/\/sds.unb.br\/es\/df-comeca-1a-fase-da-vacinacao-contra-a-covid-19-para-a-populacao-em-geral\/\">Leer m\u00e1s<\/a><\/p>","protected":false},"author":26,"featured_media":14207,"comment_status":"open","ping_status":"open","sticky":false,"template":"","format":"standard","meta":{"footnotes":""},"categories":[1],"tags":[62],"tnc_tax_1420":[],"class_list":{"0":"post-14206","1":"post","2":"type-post","3":"status-publish","4":"format-standard","5":"has-post-thumbnail","7":"category-uncategorized","8":"tag-noticias"},"views":959,"_links":{"self":[{"href":"https:\/\/sds.unb.br\/es\/wp-json\/wp\/v2\/posts\/14206","targetHints":{"allow":["GET"]}}],"collection":[{"href":"https:\/\/sds.unb.br\/es\/wp-json\/wp\/v2\/posts"}],"about":[{"href":"https:\/\/sds.unb.br\/es\/wp-json\/wp\/v2\/types\/post"}],"author":[{"embeddable":true,"href":"https:\/\/sds.unb.br\/es\/wp-json\/wp\/v2\/users\/26"}],"replies":[{"embeddable":true,"href":"https:\/\/sds.unb.br\/es\/wp-json\/wp\/v2\/comments?post=14206"}],"version-history":[{"count":6,"href":"https:\/\/sds.unb.br\/es\/wp-json\/wp\/v2\/posts\/14206\/revisions"}],"predecessor-version":[{"id":14223,"href":"https:\/\/sds.unb.br\/es\/wp-json\/wp\/v2\/posts\/14206\/revisions\/14223"}],"wp:featuredmedia":[{"embeddable":true,"href":"https:\/\/sds.unb.br\/es\/wp-json\/wp\/v2\/media\/14207"}],"wp:attachment":[{"href":"https:\/\/sds.unb.br\/es\/wp-json\/wp\/v2\/media?parent=14206"}],"wp:term":[{"taxonomy":"category","embeddable":true,"href":"https:\/\/sds.unb.br\/es\/wp-json\/wp\/v2\/categories?post=14206"},{"taxonomy":"post_tag","embeddable":true,"href":"https:\/\/sds.unb.br\/es\/wp-json\/wp\/v2\/tags?post=14206"},{"taxonomy":"tnc_tax_1420","embeddable":true,"href":"https:\/\/sds.unb.br\/es\/wp-json\/wp\/v2\/tnc_tax_1420?post=14206"}],"curies":[{"name":"wp","href":"https:\/\/api.w.org\/{rel}","templated":true}]}}