{"id":13886,"date":"2021-01-25T17:51:10","date_gmt":"2021-01-25T20:51:10","guid":{"rendered":"https:\/\/sds.unb.br\/?p=13886"},"modified":"2021-01-26T19:13:55","modified_gmt":"2021-01-26T22:13:55","slug":"projeto-arbocontrol-desenvolve-software-para-facilitar-atividades-de-agentes-da-saude","status":"publish","type":"post","link":"https:\/\/sds.unb.br\/es\/projeto-arbocontrol-desenvolve-software-para-facilitar-atividades-de-agentes-da-saude\/","title":{"rendered":"Projeto Arbocontrol desenvolve software para facilitar atividades de agentes da sa\u00fade"},"content":{"rendered":"<p><i><span style=\"font-weight: 400\">Ferramenta, que conta com aplicativo de campo, \u00e9 avaliada como positiva por colaboradores na coleta de dados para controle da dengue, zika e chikungunya<\/span><\/i><\/p>\n<p>Por Fernanda Angelo<\/p>\n<p><span style=\"font-weight: 400\"><img decoding=\"async\" class=\"size-medium wp-image-13887 alignleft\" src=\"https:\/\/sds.unb.br\/wp-content\/uploads\/2021\/01\/2021-01-25-2-300x166.png\" alt=\"\" width=\"300\" height=\"166\" srcset=\"https:\/\/sds.unb.br\/wp-content\/uploads\/2021\/01\/2021-01-25-2-300x166.png 300w, https:\/\/sds.unb.br\/wp-content\/uploads\/2021\/01\/2021-01-25-2-768x424.png 768w, https:\/\/sds.unb.br\/wp-content\/uploads\/2021\/01\/2021-01-25-2-205x113.png 205w, https:\/\/sds.unb.br\/wp-content\/uploads\/2021\/01\/2021-01-25-2.png 924w\" sizes=\"(max-width: 300px) 100vw, 300px\" \/>Os trabalhos do Componente 2 do Projeto Arbocontrol seguem a todo vapor. A equipe respons\u00e1vel pelo desenvolvimento das atividades tem se dedicado para cumprir as metas e j\u00e1 colhem os resultados. Atualmente, dois pilotos &#8211; em Manaus (AM) e Sete Lagoas (MG) &#8211; encontram-se em a\u00e7\u00e3o, com resultados positivos em rela\u00e7\u00e3o \u00e0 tecnologia utilizada para o controle do vetor <\/span><i><span style=\"font-weight: 400\">Aedes aegypti<\/span><\/i><span style=\"font-weight: 400\">, com o <\/span><i><span style=\"font-weight: 400\">software<\/span><\/i><span style=\"font-weight: 400\"> SisVetor: M\u00f3dulo Gestor e Aplicativo de Campo.<\/span><\/p>\n<p><span style=\"font-weight: 400\">De acordo com um dos pesquisadores do projeto, Rog\u00e9rio Carmin\u00e9, o m\u00f3dulo SisVetor permite a configura\u00e7\u00e3o de territ\u00f3rios e im\u00f3veis a serem inspecionados, por meio de dados cadastrais e de geolocaliza\u00e7\u00e3o, com coordenadas e pol\u00edgonos nos mapas. \u201cS\u00e3o fatores que permitem an\u00e1lises de dados mais ricas para tomada de decis\u00e3o\u201d, refor\u00e7a Carmin\u00e9.\u00a0<\/span><\/p>\n<p><span style=\"font-weight: 400\">Com a ferramenta, \u00e9 poss\u00edvel tamb\u00e9m apoiar a organiza\u00e7\u00e3o do processo de trabalho, com cria\u00e7\u00e3o de atividades semanais, que passam pelas fases de planejamento, execu\u00e7\u00e3o, monitoramento e controle, bem como o encerramento &#8211; com revis\u00e3o da atividade de forma digital. \u201c\u00c9 poss\u00edvel ainda monitorar os recursos humanos envolvidos na atividade e gerenciar os registros das an\u00e1lises laboratoriais,\u00a0tanto para contagem de ovos do mosquito vetor, quanto para identifica\u00e7\u00e3o das larvas\u201d, esclarece o pesquisador.\u00a0<\/span><\/p>\n<p><span style=\"font-weight: 400\">O aplicativo de campo permite que os trabalhos tamb\u00e9m sejam realizados de forma <\/span><i><span style=\"font-weight: 400\">offline.<\/span><\/i><span style=\"font-weight: 400\"> Segundo Carmin\u00e9, a equipe faz a sincroniza\u00e7\u00e3o da lista de trabalho, que cont\u00e9m os im\u00f3veis que ser\u00e3o visitados, em um local com acesso \u00e0 internet. Depois, \u00e9 poss\u00edvel registrar as a\u00e7\u00f5es de campo no aplicativo de forma <\/span><i><span style=\"font-weight: 400\">offline<\/span><\/i><span style=\"font-weight: 400\">, j\u00e1 que os dados ficam mantidos no dispositivo at\u00e9 o envio ao servidor &#8211; quando o usu\u00e1rio tiver conex\u00e3o com a internet.\u00a0<\/span><\/p>\n<p><span style=\"font-weight: 400\">\u201cA funcionalidade de registro de campo foi idealizada para ser compat\u00edvel com cen\u00e1rios onde n\u00e3o existem dispositivos m\u00f3veis para todos os agentes. Isso permite que os registros de campo tamb\u00e9m sejam realizados na base de trabalho, a partir de dados coletados em formul\u00e1rios de papel\u201d, destaca Carmin\u00e9.\u00a0<\/span><\/p>\n<p><b>Resultados positivos<\/b><\/p>\n<p><span style=\"font-weight: 400\">Os colaboradores dos projetos pilotos em Manaus (AM) e em Sete Lagoas (MG) perceberam uma melhora na qualidade dos dados, bem como na diminui\u00e7\u00e3o de erros de registros e do retrabalho. Al\u00e9m disso, avaliaram maior facilidade para revis\u00e3o dos registros, diminui\u00e7\u00e3o do tempo para gerar informa\u00e7\u00e3o gerencial e outros instrumentos de informa\u00e7\u00e3o, como mapas e gr\u00e1ficos que s\u00e3o gerados automaticamente pelo sistema. Antes, eles eram feitos manualmente em ferramentas de escrit\u00f3rio e softwares espec\u00edficos com ajuda de um especialista.<\/span><\/p>\n<p><b>Pilotos\u00a0<\/b><\/p>\n<p><span style=\"font-weight: 400\">Os projetos pilotos em Manaus (AM) e em Sete Lagoas (MG) s\u00e3o realizados para o controle d<\/span><i><span style=\"font-weight: 400\">o Aedes aegypti<\/span><\/i><span style=\"font-weight: 400\"> e suas esp\u00e9cies e, consequentemente, das doen\u00e7as Dengue, Zika e Chikungunya. Em Manaus (AM), os trabalhos foram iniciados em agosto de 2019 para monitorar as visitas de im\u00f3veis de pontos estrat\u00e9gicos. Est\u00e1 em opera\u00e7\u00e3o o monitoramento de aproximadamente 80 im\u00f3veis. J\u00e1 em Sete Lagoas (MG), as atividades come\u00e7aram em outubro de 2019 e seguem com o monitoramento de armadilhas ovitrampas para o controle do vetor. J\u00e1 est\u00e3o sendo monitoradas 170 im\u00f3veis com armadilhas instaladas.<\/span><\/p>\n<p><span style=\"font-weight: 400\">De acordo com Rog\u00e9rio Carmin\u00e9, o pr\u00f3ximo passo \u00e9 validar nos pilotos outros tipos de atividade de vigil\u00e2ncia e controle vetorial como visita casa-a-casa, bloqueio vetorial e levantamento de \u00edndice r\u00e1pido para <\/span><i><span style=\"font-weight: 400\">Aedes aegypti <\/span><\/i><span style=\"font-weight: 400\">(LIRAa).<\/span><\/p>\n<p><strong>Apoio e financiamento<\/strong><\/p>\n<p><span style=\"font-weight: 400\">O Projeto Arbocontrol \u00e9 financiado com recursos do Minist\u00e9rio da Sa\u00fade. Em contrapartida, a Universidade de Bras\u00edlia disponibiliza instala\u00e7\u00f5es f\u00edsicas, equipamentos, material de consumo, al\u00e9m dos docentes e l\u00edderes de pesquisa.\u00a0<\/span><\/p>\n<p><span style=\"font-weight: 400\">Os pilotos do Componente 2, realizados, atualmente, em Manaus (AM) e em Sete Lagoas (MG), t\u00eam recebido apoio dos governos locais. Em ambas regi\u00f5es, o projeto piloto conta com a colabora\u00e7\u00e3o das secretarias municipais de sa\u00fade e, em Sete Lagoas, tamb\u00e9m com a Secretaria de Estado de Sa\u00fade de Minas Gerais.<\/span><\/p>\n<p><b>Projeto Arbocontrol\u00a0<\/b><\/p>\n<p><span style=\"font-weight: 400\">Proposta de investiga\u00e7\u00e3o do controle do vetor <\/span><i><span style=\"font-weight: 400\">Aedes aegypti<\/span><\/i><span style=\"font-weight: 400\"> e das arboviroses dengue, zika e chikungunya. Est\u00e1 inserido no \u00e2mbito da Faculdade de Ci\u00eancias da Sa\u00fade da Universidade de Bras\u00edlia (FS\/UnB) e do N\u00facleo de Estudos de Sa\u00fade P\u00fablica do Centro de Estudos Avan\u00e7ados Multidisciplinares (Nesp\/Ceam\/UnB). O projeto est\u00e1 dividido em quatro componentes: Pesquisa para o controle do vetor (1), Novas tecnologias em Sa\u00fade (2), Educa\u00e7\u00e3o, Informa\u00e7\u00e3o e Comunica\u00e7\u00e3o para o controle do vetor (3) e Forma\u00e7\u00e3o e capacita\u00e7\u00e3o profissional (4). Conta c<\/span><span style=\"font-weight: 400\">om a participa\u00e7\u00e3o de laborat\u00f3rios, pesquisadores e professores dos departamentos de Sa\u00fade Coletiva e da Farm\u00e1cia, e ainda de pesquisadores colaboradores e discentes dos diversos cursos de gradua\u00e7\u00e3o e p\u00f3s-gradua\u00e7\u00e3o da FS\/UnB e outras institui\u00e7\u00f5es parceiras.<\/span><\/p>\n<p>&nbsp;<\/p>","protected":false},"excerpt":{"rendered":"<p>Ferramenta, que conta com aplicativo de campo, \u00e9 avaliada como positiva por colaboradores na coleta de dados para controle da dengue, zika e chikungunya<\/p>\n<p> <a class=\"more-link\" href=\"https:\/\/sds.unb.br\/es\/projeto-arbocontrol-desenvolve-software-para-facilitar-atividades-de-agentes-da-saude\/\">Leer m\u00e1s<\/a><\/p>","protected":false},"author":28,"featured_media":13887,"comment_status":"open","ping_status":"open","sticky":false,"template":"","format":"standard","meta":{"footnotes":""},"categories":[1],"tags":[112,108,62,121],"tnc_tax_1420":[],"class_list":{"0":"post-13886","1":"post","2":"type-post","3":"status-publish","4":"format-standard","5":"has-post-thumbnail","7":"category-uncategorized","8":"tag-arbocontrol","9":"tag-arboviroses","10":"tag-noticias","11":"tag-sisvetor"},"views":942,"_links":{"self":[{"href":"https:\/\/sds.unb.br\/es\/wp-json\/wp\/v2\/posts\/13886","targetHints":{"allow":["GET"]}}],"collection":[{"href":"https:\/\/sds.unb.br\/es\/wp-json\/wp\/v2\/posts"}],"about":[{"href":"https:\/\/sds.unb.br\/es\/wp-json\/wp\/v2\/types\/post"}],"author":[{"embeddable":true,"href":"https:\/\/sds.unb.br\/es\/wp-json\/wp\/v2\/users\/28"}],"replies":[{"embeddable":true,"href":"https:\/\/sds.unb.br\/es\/wp-json\/wp\/v2\/comments?post=13886"}],"version-history":[{"count":5,"href":"https:\/\/sds.unb.br\/es\/wp-json\/wp\/v2\/posts\/13886\/revisions"}],"predecessor-version":[{"id":13940,"href":"https:\/\/sds.unb.br\/es\/wp-json\/wp\/v2\/posts\/13886\/revisions\/13940"}],"wp:featuredmedia":[{"embeddable":true,"href":"https:\/\/sds.unb.br\/es\/wp-json\/wp\/v2\/media\/13887"}],"wp:attachment":[{"href":"https:\/\/sds.unb.br\/es\/wp-json\/wp\/v2\/media?parent=13886"}],"wp:term":[{"taxonomy":"category","embeddable":true,"href":"https:\/\/sds.unb.br\/es\/wp-json\/wp\/v2\/categories?post=13886"},{"taxonomy":"post_tag","embeddable":true,"href":"https:\/\/sds.unb.br\/es\/wp-json\/wp\/v2\/tags?post=13886"},{"taxonomy":"tnc_tax_1420","embeddable":true,"href":"https:\/\/sds.unb.br\/es\/wp-json\/wp\/v2\/tnc_tax_1420?post=13886"}],"curies":[{"name":"wp","href":"https:\/\/api.w.org\/{rel}","templated":true}]}}